{"id":85676,"date":"2021-01-09T12:13:12","date_gmt":"2021-01-09T15:13:12","guid":{"rendered":"https:\/\/eldiariodesanpedro.com.ar\/sitio\/?p=85676"},"modified":"2021-01-09T12:13:13","modified_gmt":"2021-01-09T15:13:13","slug":"no-habra-nuevas-restricciones-en-la-provincia","status":"publish","type":"post","link":"https:\/\/eldiariodesanpedro.com.ar\/sitio\/no-habra-nuevas-restricciones-en-la-provincia\/","title":{"rendered":"No habr\u00e1 nuevas restricciones en la provincia"},"content":{"rendered":"<!-- VideographyWP Plugin Message: Automatic video embedding prevented by plugin options. -->\n\n<p>El ministro de Producci\u00f3n, Augusto Costa, habl\u00f3 tras la reuni\u00f3n con los intendentes y asegur\u00f3 que la provincia mantendr\u00e1 las medidas actuales.<\/p>\n\n\n\n<p>El ministro de Producci\u00f3n bonaerense,&nbsp;Augusto Costa, asegur\u00f3 luego de la reuni\u00f3n con el gobernador&nbsp;Axel Kicillof&nbsp;y los&nbsp;intendentes&nbsp;de los municipios de la costa atl\u00e1ntica&nbsp;que por el momento&nbsp;no habr\u00e1 nuevas restricciones&nbsp;en la&nbsp;provincia&nbsp;de Buenos Aires.<\/p>\n\n\n\n<p>\u00abNo vamos a tomar ninguna medida puntual\u00bb, manifest\u00f3 el Ministro. Es decir que, hasta nuevo aviso,\u00a0se podr\u00e1 mantener la circulaci\u00f3n nocturna y la actividad comercial en los circuitos gastron\u00f3micos y culturales hasta la madrugada.<\/p>\n\n\n\n<p>Esta decisi\u00f3n contrasta con el decreto que actualiz\u00f3 hoy el&nbsp;Gobierno Nacional, que sit\u00faa a la provincia de&nbsp;Buenos Aires&nbsp;por encima de los \u00edndices epidemiol\u00f3gicos y en situaci\u00f3n de tener que tomar medidas restrictivas.<\/p>\n\n\n\n<p>Sobre la reuni\u00f3n con intendentes,&nbsp;Costa&nbsp;cont\u00f3 que se discutieron \u00abdiferentes alternativas, y el&nbsp;Gobernador&nbsp;va a seguir en una ronda de consultas con el resto de los intendentes de la provincia para tomar las medidas que sean m\u00e1s adecuadas para este momento de la situaci\u00f3n sanitaria,&nbsp;sabiendo que el objetivo principal es garantizar la continuidad de la temporada tur\u00edstica\u00bb.<\/p>\n\n\n\n<p>Adem\u00e1s, asegur\u00f3 que hay mucha preocupaci\u00f3n tanto en la&nbsp;Provincia&nbsp;como en los municipios por \u00abel empeoramiento significativo de la&nbsp;situaci\u00f3n epidemiol\u00f3gica\u00bb, y se\u00f1al\u00f3 que se aumentar\u00e1n los controles, tal como hab\u00eda indicado&nbsp;Kicillof&nbsp;en la conferencia de prensa del martes. El llamado es, principalmente, a respetar los protocolos y aumentar los cuidados.<\/p>\n\n\n\n<p>\u00abSi queremos seguir con la temporada, si queremos seguir con la recuperaci\u00f3n econ\u00f3mica y productiva que venimos teniendo en los \u00faltimos meses, tenemos que seguir cuid\u00e1ndonos y esa es la principal cuesti\u00f3n que tenemos que tener en mente\u00bb, enfatiz\u00f3 el&nbsp;Ministro&nbsp;en la misma l\u00ednea que el Gobernador el martes pasado.<\/p>\n\n\n\n<p>\u00abDesde el&nbsp;Gobierno Provincial&nbsp;vamos a reforzar los controles, vamos a reforzar las medidas para fiscalizar el cumplimiento de los protocolos, pero hay algo que es imposible dejar de lado, que es la necesidad de que la gente se cuide porque de esa forma cuida el trabajo y se cuida la producci\u00f3n\u00bb, concluy\u00f3&nbsp;Costa.<\/p>\n\n\n\n<p>La reuni\u00f3n fue encabezada por el gobernador\u00a0Axel Kicillof, que hoy no brind\u00f3 declaraciones, y participaron los intendentes de los municipios de la costa atl\u00e1ntica\u00a0Guillermo Montenegro,\u00a0Mart\u00edn Yeza,\u00a0Cristian Cardozo, Sebasti\u00e1n Ianantuony, Jorge Paredi\u00a0y\u00a0Gustavo Barrera. Pese a que la reuni\u00f3n se realiz\u00f3 con intendentes opositores,\u00a0Costa\u00a0asegur\u00f3 que antes de tomar nuevas medidas, tienen la necesidad de \u00abcontar con la opini\u00f3n de\u00a0todos los intendentes, que es lo que estamos haciendo desde que arranc\u00f3 la pandemia\u00bb.<\/p>\n","protected":false},"excerpt":{"rendered":"<p>El ministro de Producci\u00f3n, Augusto Costa, habl\u00f3 tras la reuni\u00f3n con los intendentes y asegur\u00f3 que la provincia mantendr\u00e1 las medidas actuales. El ministro de Producci\u00f3n bonaerense,&nbsp;Augusto Costa, asegur\u00f3 luego de la reuni\u00f3n con el gobernador&nbsp;Axel Kicillof&nbsp;y los&nbsp;intendentes&nbsp;de los municipios de la costa atl\u00e1ntica&nbsp;que por el momento&nbsp;no habr\u00e1 nuevas restricciones&nbsp;en la&nbsp;provincia&nbsp;de Buenos Aires. \u00abNo vamos [&hellip;]<\/p>\n","protected":false},"author":4,"featured_media":85677,"comment_status":"open","ping_status":"closed","sticky":false,"template":"","format":"standard","meta":{"om_disable_all_campaigns":false,"_jetpack_memberships_contains_paid_content":false,"footnotes":""},"categories":[101,2],"tags":[],"class_list":["post-85676","post","type-post","status-publish","format-standard","has-post-thumbnail","hentry","category-interes-general-locales","category-locales"],"aioseo_notices":[],"gutentor_comment":0,"jetpack_featured_media_url":"https:\/\/eldiariodesanpedro.com.ar\/sitio\/wp-content\/uploads\/2021\/01\/000089253.jpg","jetpack_shortlink":"https:\/\/wp.me\/p6RhLt-mhS","jetpack_sharing_enabled":true,"_links":{"self":[{"href":"https:\/\/eldiariodesanpedro.com.ar\/sitio\/wp-json\/wp\/v2\/posts\/85676","targetHints":{"allow":["GET"]}}],"collection":[{"href":"https:\/\/eldiariodesanpedro.com.ar\/sitio\/wp-json\/wp\/v2\/posts"}],"about":[{"href":"https:\/\/eldiariodesanpedro.com.ar\/sitio\/wp-json\/wp\/v2\/types\/post"}],"author":[{"embeddable":true,"href":"https:\/\/eldiariodesanpedro.com.ar\/sitio\/wp-json\/wp\/v2\/users\/4"}],"replies":[{"embeddable":true,"href":"https:\/\/eldiariodesanpedro.com.ar\/sitio\/wp-json\/wp\/v2\/comments?post=85676"}],"version-history":[{"count":1,"href":"https:\/\/eldiariodesanpedro.com.ar\/sitio\/wp-json\/wp\/v2\/posts\/85676\/revisions"}],"predecessor-version":[{"id":85678,"href":"https:\/\/eldiariodesanpedro.com.ar\/sitio\/wp-json\/wp\/v2\/posts\/85676\/revisions\/85678"}],"wp:featuredmedia":[{"embeddable":true,"href":"https:\/\/eldiariodesanpedro.com.ar\/sitio\/wp-json\/wp\/v2\/media\/85677"}],"wp:attachment":[{"href":"https:\/\/eldiariodesanpedro.com.ar\/sitio\/wp-json\/wp\/v2\/media?parent=85676"}],"wp:term":[{"taxonomy":"category","embeddable":true,"href":"https:\/\/eldiariodesanpedro.com.ar\/sitio\/wp-json\/wp\/v2\/categories?post=85676"},{"taxonomy":"post_tag","embeddable":true,"href":"https:\/\/eldiariodesanpedro.com.ar\/sitio\/wp-json\/wp\/v2\/tags?post=85676"}],"curies":[{"name":"wp","href":"https:\/\/api.w.org\/{rel}","templated":true}]}}