{"id":85672,"date":"2021-01-09T12:00:15","date_gmt":"2021-01-09T15:00:15","guid":{"rendered":"https:\/\/eldiariodesanpedro.com.ar\/sitio\/?p=85672"},"modified":"2021-01-09T12:00:19","modified_gmt":"2021-01-09T15:00:19","slug":"llego-el-arco-en-c-que-se-instalara-en-el-hospital-y-sera-presentado-el-lunes","status":"publish","type":"post","link":"https:\/\/eldiariodesanpedro.com.ar\/sitio\/llego-el-arco-en-c-que-se-instalara-en-el-hospital-y-sera-presentado-el-lunes\/","title":{"rendered":"Llego el Arco en C que se instalar\u00e1 en el Hospital y ser\u00e1 presentado el lunes"},"content":{"rendered":"<!-- VideographyWP Plugin Message: Automatic video embedding prevented by plugin options. -->\n\n<p>La Municipalidad de San Pedro realizar\u00e1 este lunes 11 de enero a las 9.30 la presentaci\u00f3n del \u00abArco en C\u00bb que ha sido adquirido para ser instalado en el quir\u00f3fano de nuestro Hospital Emilio Ruffa.<\/p>\n\n\n\n<p>Luego del proceso que se inici\u00f3 para la compra, con la inestimable colaboraci\u00f3n de OSPRERA gestionada por el Intendente Salazar y el trabajo del \u00e1rea de administraci\u00f3n del Hospital, el equipo, de \u00faltima generaci\u00f3n, lleg\u00f3 esta ma\u00f1ana y ser\u00e1 incorporado a la infraestructura del Hospital por t\u00e9cnicos de la empresa Phillips.<\/p>\n\n\n\n<p>Por tal motivo, antes del inicio de los trabajos finales, para permitir que a trav\u00e9s de los medios de comunicaci\u00f3n y junto al personal de salud se pueda compartir esta excelente noticia con toda la comunidad, los esperamos en el hall del Hospital.<\/p>\n\n\n\n<figure class=\"wp-block-image size-large\"><img decoding=\"async\" width=\"1024\" height=\"576\" data-attachment-id=\"85673\" data-permalink=\"https:\/\/eldiariodesanpedro.com.ar\/sitio\/llego-el-arco-en-c-que-se-instalara-en-el-hospital-y-sera-presentado-el-lunes\/whatsapp-image-2021-01-09-at-11-52-19-1\/\" data-orig-file=\"https:\/\/eldiariodesanpedro.com.ar\/sitio\/wp-content\/uploads\/2021\/01\/WhatsApp-Image-2021-01-09-at-11.52.19-1.jpeg\" data-orig-size=\"1280,720\" data-comments-opened=\"1\" data-image-meta=\"{&quot;aperture&quot;:&quot;0&quot;,&quot;credit&quot;:&quot;&quot;,&quot;camera&quot;:&quot;&quot;,&quot;caption&quot;:&quot;&quot;,&quot;created_timestamp&quot;:&quot;0&quot;,&quot;copyright&quot;:&quot;&quot;,&quot;focal_length&quot;:&quot;0&quot;,&quot;iso&quot;:&quot;0&quot;,&quot;shutter_speed&quot;:&quot;0&quot;,&quot;title&quot;:&quot;&quot;,&quot;orientation&quot;:&quot;0&quot;}\" data-image-title=\"WhatsApp Image 2021-01-09 at 11.52.19 (1)\" data-image-description=\"\" data-image-caption=\"\" data-large-file=\"https:\/\/eldiariodesanpedro.com.ar\/sitio\/wp-content\/uploads\/2021\/01\/WhatsApp-Image-2021-01-09-at-11.52.19-1-1024x576.jpeg\" data-src=\"https:\/\/eldiariodesanpedro.com.ar\/sitio\/wp-content\/uploads\/2021\/01\/WhatsApp-Image-2021-01-09-at-11.52.19-1-1024x576.jpeg\" alt=\"\" class=\"wp-image-85673 lazyload\" data-srcset=\"https:\/\/eldiariodesanpedro.com.ar\/sitio\/wp-content\/uploads\/2021\/01\/WhatsApp-Image-2021-01-09-at-11.52.19-1-1024x576.jpeg 1024w, https:\/\/eldiariodesanpedro.com.ar\/sitio\/wp-content\/uploads\/2021\/01\/WhatsApp-Image-2021-01-09-at-11.52.19-1-300x169.jpeg 300w, https:\/\/eldiariodesanpedro.com.ar\/sitio\/wp-content\/uploads\/2021\/01\/WhatsApp-Image-2021-01-09-at-11.52.19-1-768x432.jpeg 768w, https:\/\/eldiariodesanpedro.com.ar\/sitio\/wp-content\/uploads\/2021\/01\/WhatsApp-Image-2021-01-09-at-11.52.19-1-800x450.jpeg 800w, https:\/\/eldiariodesanpedro.com.ar\/sitio\/wp-content\/uploads\/2021\/01\/WhatsApp-Image-2021-01-09-at-11.52.19-1.jpeg 1280w\" data-sizes=\"(max-width: 1024px) 100vw, 1024px\" src=\"data:image\/svg+xml;base64,PHN2ZyB3aWR0aD0iMSIgaGVpZ2h0PSIxIiB4bWxucz0iaHR0cDovL3d3dy53My5vcmcvMjAwMC9zdmciPjwvc3ZnPg==\" style=\"--smush-placeholder-width: 1024px; --smush-placeholder-aspect-ratio: 1024\/576;\" \/><\/figure>\n","protected":false},"excerpt":{"rendered":"<p>La Municipalidad de San Pedro realizar\u00e1 este lunes 11 de enero a las 9.30 la presentaci\u00f3n del \u00abArco en C\u00bb que ha sido adquirido para ser instalado en el quir\u00f3fano de nuestro Hospital Emilio Ruffa. Luego del proceso que se inici\u00f3 para la compra, con la inestimable colaboraci\u00f3n de OSPRERA gestionada por el Intendente Salazar [&hellip;]<\/p>\n","protected":false},"author":4,"featured_media":85674,"comment_status":"open","ping_status":"closed","sticky":false,"template":"","format":"standard","meta":{"om_disable_all_campaigns":false,"_jetpack_memberships_contains_paid_content":false,"footnotes":""},"categories":[50,101,2],"tags":[],"class_list":["post-85672","post","type-post","status-publish","format-standard","has-post-thumbnail","hentry","category-destacadas","category-interes-general-locales","category-locales"],"aioseo_notices":[],"gutentor_comment":0,"jetpack_featured_media_url":"https:\/\/eldiariodesanpedro.com.ar\/sitio\/wp-content\/uploads\/2021\/01\/WhatsApp-Image-2021-01-09-at-11.52.19.jpeg","jetpack_shortlink":"https:\/\/wp.me\/p6RhLt-mhO","jetpack_sharing_enabled":true,"_links":{"self":[{"href":"https:\/\/eldiariodesanpedro.com.ar\/sitio\/wp-json\/wp\/v2\/posts\/85672","targetHints":{"allow":["GET"]}}],"collection":[{"href":"https:\/\/eldiariodesanpedro.com.ar\/sitio\/wp-json\/wp\/v2\/posts"}],"about":[{"href":"https:\/\/eldiariodesanpedro.com.ar\/sitio\/wp-json\/wp\/v2\/types\/post"}],"author":[{"embeddable":true,"href":"https:\/\/eldiariodesanpedro.com.ar\/sitio\/wp-json\/wp\/v2\/users\/4"}],"replies":[{"embeddable":true,"href":"https:\/\/eldiariodesanpedro.com.ar\/sitio\/wp-json\/wp\/v2\/comments?post=85672"}],"version-history":[{"count":1,"href":"https:\/\/eldiariodesanpedro.com.ar\/sitio\/wp-json\/wp\/v2\/posts\/85672\/revisions"}],"predecessor-version":[{"id":85675,"href":"https:\/\/eldiariodesanpedro.com.ar\/sitio\/wp-json\/wp\/v2\/posts\/85672\/revisions\/85675"}],"wp:featuredmedia":[{"embeddable":true,"href":"https:\/\/eldiariodesanpedro.com.ar\/sitio\/wp-json\/wp\/v2\/media\/85674"}],"wp:attachment":[{"href":"https:\/\/eldiariodesanpedro.com.ar\/sitio\/wp-json\/wp\/v2\/media?parent=85672"}],"wp:term":[{"taxonomy":"category","embeddable":true,"href":"https:\/\/eldiariodesanpedro.com.ar\/sitio\/wp-json\/wp\/v2\/categories?post=85672"},{"taxonomy":"post_tag","embeddable":true,"href":"https:\/\/eldiariodesanpedro.com.ar\/sitio\/wp-json\/wp\/v2\/tags?post=85672"}],"curies":[{"name":"wp","href":"https:\/\/api.w.org\/{rel}","templated":true}]}}