{"id":85670,"date":"2021-01-09T11:42:57","date_gmt":"2021-01-09T14:42:57","guid":{"rendered":"https:\/\/eldiariodesanpedro.com.ar\/sitio\/?p=85670"},"modified":"2021-01-09T11:43:00","modified_gmt":"2021-01-09T14:43:00","slug":"ya-fueron-vacunadas-236-personas-en-el-nosocomio-local","status":"publish","type":"post","link":"https:\/\/eldiariodesanpedro.com.ar\/sitio\/ya-fueron-vacunadas-236-personas-en-el-nosocomio-local\/","title":{"rendered":"Ya fueron vacunadas 236 personas en el nosocomio local"},"content":{"rendered":"<!-- VideographyWP Plugin Message: Automatic video embedding prevented by plugin options. -->\n\n<p>Esta semana llegaron las vacunas Sputnik V a la ciudad de San Pedro y lo que va de este semana se aplicaron 236 dosis a diferentes personas que son relacionadas al sistema de salud.<\/p>\n\n\n\n<p>Recordemos que el comienzo de la vacunaciones ocurrio el pasado martes a las 9 hs con el intendente interino Ramon Salazar y con otros 4 profesionales de la salud.<\/p>\n\n\n\n<p>En total en esta primera partida son 450 las dosis que ya en la pr\u00f3xima semana terminaran de ser aplicadas.<\/p>\n\n\n\n<p>Seg\u00fan hab\u00eda informado el Dr. Sancho para cubrir la totalidad del personal de la salud se necesitar\u00edan 1400 dosis y despu\u00e9s comenzara la vacunaci\u00f3n masiva, que esperan comience a fines de enero principio de febrero.<\/p>\n","protected":false},"excerpt":{"rendered":"<p>Esta semana llegaron las vacunas Sputnik V a la ciudad de San Pedro y lo que va de este semana se aplicaron 236 dosis a diferentes personas que son relacionadas al sistema de salud. Recordemos que el comienzo de la vacunaciones ocurrio el pasado martes a las 9 hs con el intendente interino Ramon Salazar [&hellip;]<\/p>\n","protected":false},"author":4,"featured_media":85331,"comment_status":"open","ping_status":"closed","sticky":false,"template":"","format":"standard","meta":{"om_disable_all_campaigns":false,"_jetpack_memberships_contains_paid_content":false,"footnotes":""},"categories":[50,101,2],"tags":[],"class_list":["post-85670","post","type-post","status-publish","format-standard","has-post-thumbnail","hentry","category-destacadas","category-interes-general-locales","category-locales"],"aioseo_notices":[],"gutentor_comment":0,"jetpack_featured_media_url":"https:\/\/eldiariodesanpedro.com.ar\/sitio\/wp-content\/uploads\/2021\/01\/136348171_1473614112847723_1943133543031250644_o.jpg","jetpack_shortlink":"https:\/\/wp.me\/p6RhLt-mhM","jetpack_sharing_enabled":true,"_links":{"self":[{"href":"https:\/\/eldiariodesanpedro.com.ar\/sitio\/wp-json\/wp\/v2\/posts\/85670","targetHints":{"allow":["GET"]}}],"collection":[{"href":"https:\/\/eldiariodesanpedro.com.ar\/sitio\/wp-json\/wp\/v2\/posts"}],"about":[{"href":"https:\/\/eldiariodesanpedro.com.ar\/sitio\/wp-json\/wp\/v2\/types\/post"}],"author":[{"embeddable":true,"href":"https:\/\/eldiariodesanpedro.com.ar\/sitio\/wp-json\/wp\/v2\/users\/4"}],"replies":[{"embeddable":true,"href":"https:\/\/eldiariodesanpedro.com.ar\/sitio\/wp-json\/wp\/v2\/comments?post=85670"}],"version-history":[{"count":1,"href":"https:\/\/eldiariodesanpedro.com.ar\/sitio\/wp-json\/wp\/v2\/posts\/85670\/revisions"}],"predecessor-version":[{"id":85671,"href":"https:\/\/eldiariodesanpedro.com.ar\/sitio\/wp-json\/wp\/v2\/posts\/85670\/revisions\/85671"}],"wp:featuredmedia":[{"embeddable":true,"href":"https:\/\/eldiariodesanpedro.com.ar\/sitio\/wp-json\/wp\/v2\/media\/85331"}],"wp:attachment":[{"href":"https:\/\/eldiariodesanpedro.com.ar\/sitio\/wp-json\/wp\/v2\/media?parent=85670"}],"wp:term":[{"taxonomy":"category","embeddable":true,"href":"https:\/\/eldiariodesanpedro.com.ar\/sitio\/wp-json\/wp\/v2\/categories?post=85670"},{"taxonomy":"post_tag","embeddable":true,"href":"https:\/\/eldiariodesanpedro.com.ar\/sitio\/wp-json\/wp\/v2\/tags?post=85670"}],"curies":[{"name":"wp","href":"https:\/\/api.w.org\/{rel}","templated":true}]}}