{"id":85668,"date":"2021-01-09T11:36:20","date_gmt":"2021-01-09T14:36:20","guid":{"rendered":"https:\/\/eldiariodesanpedro.com.ar\/sitio\/?p=85668"},"modified":"2021-01-09T11:36:23","modified_gmt":"2021-01-09T14:36:23","slug":"este-viernes-se-recibieron-12-casos-positivos-y-los-activos-llegan-a-99","status":"publish","type":"post","link":"https:\/\/eldiariodesanpedro.com.ar\/sitio\/este-viernes-se-recibieron-12-casos-positivos-y-los-activos-llegan-a-99\/","title":{"rendered":"Este viernes se recibieron 12 casos positivos y los activos llegan a 99"},"content":{"rendered":"<!-- VideographyWP Plugin Message: Automatic video embedding prevented by plugin options. -->\n\n<p>La Secretar\u00eda de Salud de la Municipalidad de San Pedro brinda el informe oficial diario actualizado con datos recopilados hasta el momento con relaci\u00f3n al seguimiento a la Pandemia de Covid-19.<\/p>\n\n\n\n<ul class=\"wp-block-list\"><li>INFORME DIARIO<\/li><li>Se recibieron 28 resultados de las muestras enviadas el d\u00eda 6 de enero al Laboratorio Central Lab, que sumaron 16 negativos y 12 positivos que corresponden a mujeres de 22, 41, 72 y 82 a\u00f1os ; y hombres 7, 16, 27, 28, 44(2), 50 y 88 de a\u00f1os.<\/li><\/ul>\n\n\n\n<p>Total de nuevos positivos: 12<br>Total de nuevos negativos: 16<\/p>\n\n\n\n<p>MUESTRAS<br>Se enviaron 36 muestras al Laboratorio Central Lab:<br>-Mujeres de 11, 17(2), 19, 23(2), 24(3), 26, 28(3), 31, 32, 33, 43, 46, 51, 55 y 63 a\u00f1os.<br>&#8211; Hombres de 14, 22, 26, 30(2), 31, 33, 37, 38, 40, 41, 47, 48, 49 y 57 a\u00f1os.<\/p>\n\n\n\n<p>VACUNACI\u00d3N<br>Hasta la elaboraci\u00f3n de este informe, se aplicaron 236 dosis de la vacuna contra el Covid-19 y el cronograma continuar\u00e1 en el d\u00eda de ma\u00f1ana.<\/p>\n\n\n\n<p>Resumen actualizado de informaci\u00f3n oficial<br>Positivos desde el inicio de la Pandemia: 1898<br>Activos: 99<br>Recuperados: 1736<br>Fallecidos: 63<br>\u00daltimo env\u00edo de muestras: 36<br>Muestras pendientes: 80<br>Negativos desde el inicio de la Pandemia: 2558<br>Los datos consignados en este informe corresponden a ex\u00e1menes realizados por PCR.<\/p>\n\n\n\n<p>&#x1f449; Usar tapabocas.<br>&#x1f449; Mantener la distancia m\u00ednima de 2 metros.<br>&#x1f449; Extremar la higiene de los espacios.<br>&#x1f449; Mantener las manos limpias.<\/p>\n\n\n\n<p>Se recuerda que, ante s\u00edntomas de tos seca, fiebre y dolor de garganta y la probabilidad de haber estado en contacto con enfermos o viajeros llegados desde las zonas transmisi\u00f3n local o comunitaria se puede llamar al 148 o 107.<\/p>\n","protected":false},"excerpt":{"rendered":"<p>La Secretar\u00eda de Salud de la Municipalidad de San Pedro brinda el informe oficial diario actualizado con datos recopilados hasta el momento con relaci\u00f3n al seguimiento a la Pandemia de Covid-19. INFORME DIARIO Se recibieron 28 resultados de las muestras enviadas el d\u00eda 6 de enero al Laboratorio Central Lab, que sumaron 16 negativos y [&hellip;]<\/p>\n","protected":false},"author":4,"featured_media":80227,"comment_status":"open","ping_status":"closed","sticky":false,"template":"","format":"standard","meta":{"om_disable_all_campaigns":false,"_jetpack_memberships_contains_paid_content":false,"footnotes":""},"categories":[50,101,2],"tags":[],"class_list":["post-85668","post","type-post","status-publish","format-standard","has-post-thumbnail","hentry","category-destacadas","category-interes-general-locales","category-locales"],"aioseo_notices":[],"gutentor_comment":0,"jetpack_featured_media_url":"https:\/\/eldiariodesanpedro.com.ar\/sitio\/wp-content\/uploads\/2020\/08\/Test-coronavirus-2-768x510-1.jpg","jetpack_shortlink":"https:\/\/wp.me\/p6RhLt-mhK","jetpack_sharing_enabled":true,"_links":{"self":[{"href":"https:\/\/eldiariodesanpedro.com.ar\/sitio\/wp-json\/wp\/v2\/posts\/85668","targetHints":{"allow":["GET"]}}],"collection":[{"href":"https:\/\/eldiariodesanpedro.com.ar\/sitio\/wp-json\/wp\/v2\/posts"}],"about":[{"href":"https:\/\/eldiariodesanpedro.com.ar\/sitio\/wp-json\/wp\/v2\/types\/post"}],"author":[{"embeddable":true,"href":"https:\/\/eldiariodesanpedro.com.ar\/sitio\/wp-json\/wp\/v2\/users\/4"}],"replies":[{"embeddable":true,"href":"https:\/\/eldiariodesanpedro.com.ar\/sitio\/wp-json\/wp\/v2\/comments?post=85668"}],"version-history":[{"count":1,"href":"https:\/\/eldiariodesanpedro.com.ar\/sitio\/wp-json\/wp\/v2\/posts\/85668\/revisions"}],"predecessor-version":[{"id":85669,"href":"https:\/\/eldiariodesanpedro.com.ar\/sitio\/wp-json\/wp\/v2\/posts\/85668\/revisions\/85669"}],"wp:featuredmedia":[{"embeddable":true,"href":"https:\/\/eldiariodesanpedro.com.ar\/sitio\/wp-json\/wp\/v2\/media\/80227"}],"wp:attachment":[{"href":"https:\/\/eldiariodesanpedro.com.ar\/sitio\/wp-json\/wp\/v2\/media?parent=85668"}],"wp:term":[{"taxonomy":"category","embeddable":true,"href":"https:\/\/eldiariodesanpedro.com.ar\/sitio\/wp-json\/wp\/v2\/categories?post=85668"},{"taxonomy":"post_tag","embeddable":true,"href":"https:\/\/eldiariodesanpedro.com.ar\/sitio\/wp-json\/wp\/v2\/tags?post=85668"}],"curies":[{"name":"wp","href":"https:\/\/api.w.org\/{rel}","templated":true}]}}