{"id":85666,"date":"2021-01-08T20:14:56","date_gmt":"2021-01-08T23:14:56","guid":{"rendered":"https:\/\/eldiariodesanpedro.com.ar\/sitio\/?p=85666"},"modified":"2021-01-08T20:14:59","modified_gmt":"2021-01-08T23:14:59","slug":"cierres-por-el-momento-san-pedro-continua-igual-a-como-estaba-hasta-nuevo-aviso","status":"publish","type":"post","link":"https:\/\/eldiariodesanpedro.com.ar\/sitio\/cierres-por-el-momento-san-pedro-continua-igual-a-como-estaba-hasta-nuevo-aviso\/","title":{"rendered":"Cierres: Por el momento San Pedro contin\u00faa igual a como estaba, hasta nuevo aviso"},"content":{"rendered":"<!-- VideographyWP Plugin Message: Automatic video embedding prevented by plugin options. -->\n\n<p>Seg\u00fan informaron desde el gobierno local nuestra ciudad continuar\u00e1 este fin de semana de la misma manera como ven\u00eda y aguardan la decisi\u00f3n del Gobierno Provincial que podr\u00eda ser ma\u00f1ana s\u00e1bado.<\/p>\n\n\n\n<p>Este viernes la ciudad mantendr\u00e1 los comercios abiertos a las 3 de la madrugada y no habr\u00e1 reducci\u00f3n de la circulaci\u00f3n de las personas dentro de la ciudad.<\/p>\n\n\n\n<p>Este viernes por la ma\u00f1ana el Estado Nacional emiti\u00f3 el DNU donde invita a los gobernadores a adherirse al toque de queda sanitario para cerrar las noches, por lo que el Gobernador Axel Kicilof se reuni\u00f3 con intendentes en la tarde de hoy pero hasta el momento no se inform\u00f3 las medidas a tomar.<\/p>\n\n\n\n<p>Se espera que este s\u00e1bado el gobierno provincial informe las medidas que posiblemente estar\u00e1n vinculadas al sistema de fase, y nuestra ciudad se encuentra hasta el momento en fase 4.<\/p>\n\n\n\n<p>Las \u00fanicas ciudades que no tendr\u00e1n restricciones son los municipios que se encuentran en fase 5.<\/p>\n","protected":false},"excerpt":{"rendered":"<p>Seg\u00fan informaron desde el gobierno local nuestra ciudad continuar\u00e1 este fin de semana de la misma manera como ven\u00eda y aguardan la decisi\u00f3n del Gobierno Provincial que podr\u00eda ser ma\u00f1ana s\u00e1bado. Este viernes la ciudad mantendr\u00e1 los comercios abiertos a las 3 de la madrugada y no habr\u00e1 reducci\u00f3n de la circulaci\u00f3n de las personas [&hellip;]<\/p>\n","protected":false},"author":4,"featured_media":85433,"comment_status":"open","ping_status":"closed","sticky":false,"template":"","format":"standard","meta":{"om_disable_all_campaigns":false,"_jetpack_memberships_contains_paid_content":false,"footnotes":""},"categories":[2],"tags":[],"class_list":["post-85666","post","type-post","status-publish","format-standard","has-post-thumbnail","hentry","category-locales"],"aioseo_notices":[],"gutentor_comment":0,"jetpack_featured_media_url":"https:\/\/eldiariodesanpedro.com.ar\/sitio\/wp-content\/uploads\/2021\/01\/Avenida-Merlassino-720x510-1.jpg","jetpack_shortlink":"https:\/\/wp.me\/p6RhLt-mhI","jetpack_sharing_enabled":true,"_links":{"self":[{"href":"https:\/\/eldiariodesanpedro.com.ar\/sitio\/wp-json\/wp\/v2\/posts\/85666","targetHints":{"allow":["GET"]}}],"collection":[{"href":"https:\/\/eldiariodesanpedro.com.ar\/sitio\/wp-json\/wp\/v2\/posts"}],"about":[{"href":"https:\/\/eldiariodesanpedro.com.ar\/sitio\/wp-json\/wp\/v2\/types\/post"}],"author":[{"embeddable":true,"href":"https:\/\/eldiariodesanpedro.com.ar\/sitio\/wp-json\/wp\/v2\/users\/4"}],"replies":[{"embeddable":true,"href":"https:\/\/eldiariodesanpedro.com.ar\/sitio\/wp-json\/wp\/v2\/comments?post=85666"}],"version-history":[{"count":1,"href":"https:\/\/eldiariodesanpedro.com.ar\/sitio\/wp-json\/wp\/v2\/posts\/85666\/revisions"}],"predecessor-version":[{"id":85667,"href":"https:\/\/eldiariodesanpedro.com.ar\/sitio\/wp-json\/wp\/v2\/posts\/85666\/revisions\/85667"}],"wp:featuredmedia":[{"embeddable":true,"href":"https:\/\/eldiariodesanpedro.com.ar\/sitio\/wp-json\/wp\/v2\/media\/85433"}],"wp:attachment":[{"href":"https:\/\/eldiariodesanpedro.com.ar\/sitio\/wp-json\/wp\/v2\/media?parent=85666"}],"wp:term":[{"taxonomy":"category","embeddable":true,"href":"https:\/\/eldiariodesanpedro.com.ar\/sitio\/wp-json\/wp\/v2\/categories?post=85666"},{"taxonomy":"post_tag","embeddable":true,"href":"https:\/\/eldiariodesanpedro.com.ar\/sitio\/wp-json\/wp\/v2\/tags?post=85666"}],"curies":[{"name":"wp","href":"https:\/\/api.w.org\/{rel}","templated":true}]}}