{"id":85661,"date":"2021-01-08T19:39:50","date_gmt":"2021-01-08T22:39:50","guid":{"rendered":"https:\/\/eldiariodesanpedro.com.ar\/sitio\/?p=85661"},"modified":"2021-01-08T19:39:54","modified_gmt":"2021-01-08T22:39:54","slug":"arrecifes-se-exporto-a-estados-unidos-un-auto-fabricado-en-todd","status":"publish","type":"post","link":"https:\/\/eldiariodesanpedro.com.ar\/sitio\/arrecifes-se-exporto-a-estados-unidos-un-auto-fabricado-en-todd\/","title":{"rendered":"ARRECIFES | Se export\u00f3 a Estados Unidos un auto fabricado en Todd"},"content":{"rendered":"<!-- VideographyWP Plugin Message: Automatic video embedding prevented by plugin options. -->\n\n<p>Es el primer Isotta Fraschini hecho en Argentina. Fue dise\u00f1ado por Pini Mancardo y comprado por un coleccionista a la familia del fallecido constructor.<\/p>\n\n\n\n<p>Hace exactamente un siglo, en 1920, las primeras estrellas de Hollywood so\u00f1aban con manejar el auto italiano m\u00e1s glamoroso de esos tiempos: el&nbsp;<strong>Isotta Fraschini<\/strong>. Era la combinaci\u00f3n perfecta de dise\u00f1o, lujo, prestaciones deportivas y exclusividad.<\/p>\n\n\n\n<p>La compa\u00f1\u00eda italiana sucumbi\u00f3 a varias crisis, pero esta semana se export\u00f3 desde la localidad arrecife\u00f1a de&nbsp;<strong>Todd<\/strong>&nbsp;el primer&nbsp;<strong>Isotta Fraschini<\/strong>&nbsp;fabricado en la Argentina. Es una recreaci\u00f3n de&nbsp;<strong>Reklus<\/strong>&nbsp;y&nbsp;<strong>Pini Automobili<\/strong>, la compa\u00f1\u00eda de autos artesanales fundada por&nbsp;<strong>Gustavo&nbsp;<em>\u201cPini\u201d<\/em>&nbsp;Mancardo<\/strong>, fallecido en un tr\u00e1gico accidente en agosto de 2020.<\/p>\n\n\n\n<p>El auto fue dise\u00f1ado por Mancardo y fue completado por su familia y equipo, que el mi\u00e9rcoles puso en marcha el env\u00edo del veh\u00edculo, encargado por un coleccionista de Estados Unidos.<\/p>\n\n\n\n<p><strong>Autoblog<\/strong>&nbsp;entrevist\u00f3 a&nbsp;<strong>Candelaria Tornquist<\/strong>, esposa de Mancardo, quien qued\u00f3 a cargo de la compa\u00f1\u00eda, junto a sus hijos&nbsp;<strong>Juan Cruz<\/strong>,&nbsp;<strong>Francisco<\/strong>&nbsp;(los dos, en la foto de portada) y&nbsp;<strong>Morita<\/strong>.<\/p>\n","protected":false},"excerpt":{"rendered":"<p>Es el primer Isotta Fraschini hecho en Argentina. Fue dise\u00f1ado por Pini Mancardo y comprado por un coleccionista a la familia del fallecido constructor. Hace exactamente un siglo, en 1920, las primeras estrellas de Hollywood so\u00f1aban con manejar el auto italiano m\u00e1s glamoroso de esos tiempos: el&nbsp;Isotta Fraschini. Era la combinaci\u00f3n perfecta de dise\u00f1o, lujo, [&hellip;]<\/p>\n","protected":false},"author":4,"featured_media":85662,"comment_status":"open","ping_status":"closed","sticky":false,"template":"","format":"standard","meta":{"om_disable_all_campaigns":false,"_jetpack_memberships_contains_paid_content":false,"footnotes":""},"categories":[621],"tags":[640,197,681],"class_list":["post-85661","post","type-post","status-publish","format-standard","has-post-thumbnail","hentry","category-regionales","tag-arrecifes","tag-buenos-aires","tag-regionales"],"aioseo_notices":[],"gutentor_comment":0,"jetpack_featured_media_url":"https:\/\/eldiariodesanpedro.com.ar\/sitio\/wp-content\/uploads\/2021\/01\/MANCARDO-ISOTTA-FRASCHINI-779x510-1.jpg","jetpack_shortlink":"https:\/\/wp.me\/p6RhLt-mhD","jetpack_sharing_enabled":true,"_links":{"self":[{"href":"https:\/\/eldiariodesanpedro.com.ar\/sitio\/wp-json\/wp\/v2\/posts\/85661","targetHints":{"allow":["GET"]}}],"collection":[{"href":"https:\/\/eldiariodesanpedro.com.ar\/sitio\/wp-json\/wp\/v2\/posts"}],"about":[{"href":"https:\/\/eldiariodesanpedro.com.ar\/sitio\/wp-json\/wp\/v2\/types\/post"}],"author":[{"embeddable":true,"href":"https:\/\/eldiariodesanpedro.com.ar\/sitio\/wp-json\/wp\/v2\/users\/4"}],"replies":[{"embeddable":true,"href":"https:\/\/eldiariodesanpedro.com.ar\/sitio\/wp-json\/wp\/v2\/comments?post=85661"}],"version-history":[{"count":1,"href":"https:\/\/eldiariodesanpedro.com.ar\/sitio\/wp-json\/wp\/v2\/posts\/85661\/revisions"}],"predecessor-version":[{"id":85663,"href":"https:\/\/eldiariodesanpedro.com.ar\/sitio\/wp-json\/wp\/v2\/posts\/85661\/revisions\/85663"}],"wp:featuredmedia":[{"embeddable":true,"href":"https:\/\/eldiariodesanpedro.com.ar\/sitio\/wp-json\/wp\/v2\/media\/85662"}],"wp:attachment":[{"href":"https:\/\/eldiariodesanpedro.com.ar\/sitio\/wp-json\/wp\/v2\/media?parent=85661"}],"wp:term":[{"taxonomy":"category","embeddable":true,"href":"https:\/\/eldiariodesanpedro.com.ar\/sitio\/wp-json\/wp\/v2\/categories?post=85661"},{"taxonomy":"post_tag","embeddable":true,"href":"https:\/\/eldiariodesanpedro.com.ar\/sitio\/wp-json\/wp\/v2\/tags?post=85661"}],"curies":[{"name":"wp","href":"https:\/\/api.w.org\/{rel}","templated":true}]}}