{"id":85652,"date":"2021-01-08T19:33:37","date_gmt":"2021-01-08T22:33:37","guid":{"rendered":"https:\/\/eldiariodesanpedro.com.ar\/sitio\/?p=85652"},"modified":"2021-01-08T19:33:41","modified_gmt":"2021-01-08T22:33:41","slug":"campana-una-joven-tuvo-a-su-bebe-en-su-casa-con-asistencia-de-efectivos-policiales","status":"publish","type":"post","link":"https:\/\/eldiariodesanpedro.com.ar\/sitio\/campana-una-joven-tuvo-a-su-bebe-en-su-casa-con-asistencia-de-efectivos-policiales\/","title":{"rendered":"CAMPANA | Una joven tuvo a su beb\u00e9 en su casa con asistencia de efectivos policiales"},"content":{"rendered":"<!-- VideographyWP Plugin Message: Automatic video embedding prevented by plugin options. -->\n\n<p><strong>Un nacimiento particular sucedi\u00f3 en Campana y para la alegr\u00eda del barrio Las Campanas. Puntualmente esta ma\u00f1ana, en una vivienda de la calle Coltelli, naci\u00f3 una beb\u00e9.<\/strong><\/p>\n\n\n\n<p>Mientras aguardaban la llegada de la ambulancia del SAME los agentes policiales Of. Dar\u00edo Barrios y Of. Ruth Peledrotti del m\u00f3vil 18502 de PL que cubre zona 8 asistieron el nacimiento de Emilia.<\/p>\n\n\n\n<p>Mientras que tambi\u00e9n la mam\u00e1 hizo las veces de partera. La beb\u00e9 de esta en excelente estado. Tambi\u00e9n brindaron asistencia la enfermera Marcela Nu\u00f1ez y la pediatra Marina Luna de la salita del barrio<\/p>\n\n\n\n<p>Fuente: <a href=\"https:\/\/impactolocal.com.ar\/2021\/01\/08\/una-joven-tuvo-a-su-bebe-en-su-casa-con-asistencia-de-efectivos-policiales\/\">Impacto Local<\/a><\/p>\n","protected":false},"excerpt":{"rendered":"<p>Un nacimiento particular sucedi\u00f3 en Campana y para la alegr\u00eda del barrio Las Campanas. Puntualmente esta ma\u00f1ana, en una vivienda de la calle Coltelli, naci\u00f3 una beb\u00e9. Mientras aguardaban la llegada de la ambulancia del SAME los agentes policiales Of. Dar\u00edo Barrios y Of. Ruth Peledrotti del m\u00f3vil 18502 de PL que cubre zona 8 [&hellip;]<\/p>\n","protected":false},"author":4,"featured_media":85653,"comment_status":"open","ping_status":"closed","sticky":false,"template":"","format":"standard","meta":{"om_disable_all_campaigns":false,"_jetpack_memberships_contains_paid_content":false,"footnotes":""},"categories":[621],"tags":[197,686,681],"class_list":["post-85652","post","type-post","status-publish","format-standard","has-post-thumbnail","hentry","category-regionales","tag-buenos-aires","tag-campana-2","tag-regionales"],"aioseo_notices":[],"gutentor_comment":0,"jetpack_featured_media_url":"https:\/\/eldiariodesanpedro.com.ar\/sitio\/wp-content\/uploads\/2021\/01\/policia-bebe.jpg","jetpack_shortlink":"https:\/\/wp.me\/p6RhLt-mhu","jetpack_sharing_enabled":true,"_links":{"self":[{"href":"https:\/\/eldiariodesanpedro.com.ar\/sitio\/wp-json\/wp\/v2\/posts\/85652","targetHints":{"allow":["GET"]}}],"collection":[{"href":"https:\/\/eldiariodesanpedro.com.ar\/sitio\/wp-json\/wp\/v2\/posts"}],"about":[{"href":"https:\/\/eldiariodesanpedro.com.ar\/sitio\/wp-json\/wp\/v2\/types\/post"}],"author":[{"embeddable":true,"href":"https:\/\/eldiariodesanpedro.com.ar\/sitio\/wp-json\/wp\/v2\/users\/4"}],"replies":[{"embeddable":true,"href":"https:\/\/eldiariodesanpedro.com.ar\/sitio\/wp-json\/wp\/v2\/comments?post=85652"}],"version-history":[{"count":1,"href":"https:\/\/eldiariodesanpedro.com.ar\/sitio\/wp-json\/wp\/v2\/posts\/85652\/revisions"}],"predecessor-version":[{"id":85654,"href":"https:\/\/eldiariodesanpedro.com.ar\/sitio\/wp-json\/wp\/v2\/posts\/85652\/revisions\/85654"}],"wp:featuredmedia":[{"embeddable":true,"href":"https:\/\/eldiariodesanpedro.com.ar\/sitio\/wp-json\/wp\/v2\/media\/85653"}],"wp:attachment":[{"href":"https:\/\/eldiariodesanpedro.com.ar\/sitio\/wp-json\/wp\/v2\/media?parent=85652"}],"wp:term":[{"taxonomy":"category","embeddable":true,"href":"https:\/\/eldiariodesanpedro.com.ar\/sitio\/wp-json\/wp\/v2\/categories?post=85652"},{"taxonomy":"post_tag","embeddable":true,"href":"https:\/\/eldiariodesanpedro.com.ar\/sitio\/wp-json\/wp\/v2\/tags?post=85652"}],"curies":[{"name":"wp","href":"https:\/\/api.w.org\/{rel}","templated":true}]}}