{"id":85649,"date":"2021-01-08T19:31:39","date_gmt":"2021-01-08T22:31:39","guid":{"rendered":"https:\/\/eldiariodesanpedro.com.ar\/sitio\/?p=85649"},"modified":"2021-01-08T19:31:43","modified_gmt":"2021-01-08T22:31:43","slug":"campana-usurparon-un-inmueble-que-funcionaba-como-comedor-comunitario-en-las-campanas","status":"publish","type":"post","link":"https:\/\/eldiariodesanpedro.com.ar\/sitio\/campana-usurparon-un-inmueble-que-funcionaba-como-comedor-comunitario-en-las-campanas\/","title":{"rendered":"CAMPANA | Usurparon un inmueble que funcionaba como comedor comunitario en Las Campanas"},"content":{"rendered":"<!-- VideographyWP Plugin Message: Automatic video embedding prevented by plugin options. -->\n\n<p>Luego que un grupo de desconocidos tomara posesi\u00f3n de las instalaciones del obispado en Mollo y Chapuis, el primer d\u00eda del a\u00f1o, referentes de la Sociedad de Fomento de la zona y vecinos en general aguardan impacientemente el accionar de la Justicia, antes que la situaci\u00f3n pueda empeorar.<\/p>\n\n\n\n<p>Mollo y Chapuis\u2026 predio perteneciente a la Asociaci\u00f3n C\u00e1ritas\u2026 1\u00b0 de enero. Un grupo conformado por 4 o 5 individuos de extra\u00f1a procedencia aprovech\u00f3 la fecha para romper la puerta frontal y usurpar el lugar, generando un gran susto y preocupaci\u00f3n entre los vecinos de la zona.<\/p>\n\n\n\n<p>Se trata pues, del predio utilizado por la Sociedad de Fomento del Barrio Las Campanas como comedor comunitario para alimentar a los chicos de la zona, entre tantas otras actividades tan importantes que la entidad organiza frente a las dificultades del contexto actual.<\/p>\n\n\n\n<p>Ante esta situaci\u00f3n referentes de la entidad, entre ellos su presidente Gustavo Cejas, procedieron a realizar la correspondiente denuncia policial, producto de lo cual varios m\u00f3viles policiales se acercaron al lugar.<\/p>\n\n\n\n<p>Sin embargo, al estar ausente a\u00fan el pedido de desalojo por parte del Obispado en cuesti\u00f3n, el operativo no pudo llegar a mucho m\u00e1s y la fuerza p\u00fablica acab\u00f3 retir\u00e1ndose. Ante este escenario, los usurpadores continuaron avanzando por el terreno en las \u00faltimas jornadas para el desagrado de los vecinos que o\u00edan sus destrozos.<\/p>\n\n\n\n<p>A partir de estos eventos, la impaciencia en Las Campanas contin\u00faa creciendo, y desde la Sociedad fomentista, si bien agradecen el apoyo brindado por las autoridades locales, contin\u00faan haciendo fuerza para que toda esta situaci\u00f3n se resuelva por los correspondientes mecanismos legales, de forma que no se produzca ning\u00fan tipo de incidente y que estos eventos no sean excusa para que otros potenciales usurpadores quieran avanzar sobre el territorio afectado.<\/p>\n\n\n\n<p>Todo parece indicar, por el momento, que ser\u00e1 el pedido por parte de la autoridad eclesi\u00e1stica, a\u00fan ausente, el que pueda dar un punto final a esta tensi\u00f3n, evitando de esta manera alg\u00fan episodio que luego haya que lamentar.<\/p>\n\n\n\n<p>Mientras tanto\u2026 los okupas siguen all\u00ed.<\/p>\n\n\n\n<p>Fuente: <a href=\"https:\/\/www.campananoticias.com\/noticia\/65375\/usurparon-un-inmueble-que-funcionaba-como-comedor-comunitario-en-las-campanas\">Campana Noticias<\/a><\/p>\n","protected":false},"excerpt":{"rendered":"<p>Luego que un grupo de desconocidos tomara posesi\u00f3n de las instalaciones del obispado en Mollo y Chapuis, el primer d\u00eda del a\u00f1o, referentes de la Sociedad de Fomento de la zona y vecinos en general aguardan impacientemente el accionar de la Justicia, antes que la situaci\u00f3n pueda empeorar. Mollo y Chapuis\u2026 predio perteneciente a la [&hellip;]<\/p>\n","protected":false},"author":4,"featured_media":85650,"comment_status":"open","ping_status":"closed","sticky":false,"template":"","format":"standard","meta":{"om_disable_all_campaigns":false,"_jetpack_memberships_contains_paid_content":false,"footnotes":""},"categories":[621],"tags":[197,686,681],"class_list":["post-85649","post","type-post","status-publish","format-standard","has-post-thumbnail","hentry","category-regionales","tag-buenos-aires","tag-campana-2","tag-regionales"],"aioseo_notices":[],"gutentor_comment":0,"jetpack_featured_media_url":"https:\/\/eldiariodesanpedro.com.ar\/sitio\/wp-content\/uploads\/2021\/01\/20210107091421.jpg","jetpack_shortlink":"https:\/\/wp.me\/p6RhLt-mhr","jetpack_sharing_enabled":true,"_links":{"self":[{"href":"https:\/\/eldiariodesanpedro.com.ar\/sitio\/wp-json\/wp\/v2\/posts\/85649","targetHints":{"allow":["GET"]}}],"collection":[{"href":"https:\/\/eldiariodesanpedro.com.ar\/sitio\/wp-json\/wp\/v2\/posts"}],"about":[{"href":"https:\/\/eldiariodesanpedro.com.ar\/sitio\/wp-json\/wp\/v2\/types\/post"}],"author":[{"embeddable":true,"href":"https:\/\/eldiariodesanpedro.com.ar\/sitio\/wp-json\/wp\/v2\/users\/4"}],"replies":[{"embeddable":true,"href":"https:\/\/eldiariodesanpedro.com.ar\/sitio\/wp-json\/wp\/v2\/comments?post=85649"}],"version-history":[{"count":1,"href":"https:\/\/eldiariodesanpedro.com.ar\/sitio\/wp-json\/wp\/v2\/posts\/85649\/revisions"}],"predecessor-version":[{"id":85651,"href":"https:\/\/eldiariodesanpedro.com.ar\/sitio\/wp-json\/wp\/v2\/posts\/85649\/revisions\/85651"}],"wp:featuredmedia":[{"embeddable":true,"href":"https:\/\/eldiariodesanpedro.com.ar\/sitio\/wp-json\/wp\/v2\/media\/85650"}],"wp:attachment":[{"href":"https:\/\/eldiariodesanpedro.com.ar\/sitio\/wp-json\/wp\/v2\/media?parent=85649"}],"wp:term":[{"taxonomy":"category","embeddable":true,"href":"https:\/\/eldiariodesanpedro.com.ar\/sitio\/wp-json\/wp\/v2\/categories?post=85649"},{"taxonomy":"post_tag","embeddable":true,"href":"https:\/\/eldiariodesanpedro.com.ar\/sitio\/wp-json\/wp\/v2\/tags?post=85649"}],"curies":[{"name":"wp","href":"https:\/\/api.w.org\/{rel}","templated":true}]}}