{"id":85614,"date":"2021-01-08T18:28:01","date_gmt":"2021-01-08T21:28:01","guid":{"rendered":"https:\/\/eldiariodesanpedro.com.ar\/sitio\/?p=85614"},"modified":"2021-01-08T18:28:02","modified_gmt":"2021-01-08T21:28:02","slug":"juro-la-licenciada-marcela-cuner-como-secretaria-de-turismo","status":"publish","type":"post","link":"https:\/\/eldiariodesanpedro.com.ar\/sitio\/juro-la-licenciada-marcela-cuner-como-secretaria-de-turismo\/","title":{"rendered":"Jur\u00f3 la Licenciada Marcela Cu\u00f1er como Secretaria de Turismo"},"content":{"rendered":"<!-- VideographyWP Plugin Message: Automatic video embedding prevented by plugin options. -->\n\n<p>En el despacho oficial y acompa\u00f1ada por familiares, allegados y compa\u00f1eros del equipo de gobierno municipal, la Licenciada Marcela Cu\u00f1er jur\u00f3 oficialmente este mediod\u00eda como Secretar\u00eda de Turismo de la Municipalidad de San Pedro.<\/p>\n\n\n\n<p>El Dr. Ram\u00f3n Salazar, Intendente Interino fue el encargado de tomarle el juramento en una ceremonia breve pero muy emotiva en la que el Intendente Interino reconoci\u00f3 el trabajo y el compromiso de Marcela con la gesti\u00f3n desde el comienzo y el intenso trabajo realizado desde el \u00e1rea.<\/p>\n\n\n\n<p>En el dise\u00f1o del equipo de gesti\u00f3n para el 2021 el Intendente Cecilio Salazar resolvi\u00f3 jerarquizar el \u00e1rea que ha tenido un crecimiento notable y responder favorablemente a las inquietudes de prestadores y referentes del sector que hab\u00edan acercado tambi\u00e9n una inquietud en este sentido para favorecer un desarrollo m\u00e1s abarcativo de la pol\u00edtica tur\u00edstica.<\/p>\n\n\n\n<p>La ex Directora y ahora Secretaria agradeci\u00f3 al Intendente y a todos los que forman parte de su equipo que durante los \u00faltimos meses han venido trabajando con gran compromiso para responder a las demandas y a las oportunidades de un sector en el que se depositan grandes expectativas para la recuperaci\u00f3n de la econom\u00eda de la regi\u00f3n.<\/p>\n\n\n\n<p>Moment\u00e1neamente la Secretaria de Turismo tambi\u00e9n tiene su cargo el \u00e1rea de Desarrollo Econ\u00f3mico hasta la designaci\u00f3n de un nuevo titular y los equipos de trabajo de las dos secretar\u00edas trabajan en conjunto en la Casona de Mitre y Liniers.<\/p>\n\n\n\n<figure class=\"wp-block-image size-large\"><img decoding=\"async\" width=\"682\" height=\"1024\" data-attachment-id=\"85617\" data-permalink=\"https:\/\/eldiariodesanpedro.com.ar\/sitio\/juro-la-licenciada-marcela-cuner-como-secretaria-de-turismo\/whatsapp-image-2021-01-08-at-15-50-33-1\/\" data-orig-file=\"https:\/\/eldiariodesanpedro.com.ar\/sitio\/wp-content\/uploads\/2021\/01\/WhatsApp-Image-2021-01-08-at-15.50.33-1.jpeg\" data-orig-size=\"853,1280\" data-comments-opened=\"1\" data-image-meta=\"{&quot;aperture&quot;:&quot;0&quot;,&quot;credit&quot;:&quot;&quot;,&quot;camera&quot;:&quot;&quot;,&quot;caption&quot;:&quot;&quot;,&quot;created_timestamp&quot;:&quot;0&quot;,&quot;copyright&quot;:&quot;&quot;,&quot;focal_length&quot;:&quot;0&quot;,&quot;iso&quot;:&quot;0&quot;,&quot;shutter_speed&quot;:&quot;0&quot;,&quot;title&quot;:&quot;&quot;,&quot;orientation&quot;:&quot;0&quot;}\" data-image-title=\"WhatsApp Image 2021-01-08 at 15.50.33 (1)\" data-image-description=\"\" data-image-caption=\"\" data-large-file=\"https:\/\/eldiariodesanpedro.com.ar\/sitio\/wp-content\/uploads\/2021\/01\/WhatsApp-Image-2021-01-08-at-15.50.33-1-682x1024.jpeg\" data-src=\"https:\/\/eldiariodesanpedro.com.ar\/sitio\/wp-content\/uploads\/2021\/01\/WhatsApp-Image-2021-01-08-at-15.50.33-1-682x1024.jpeg\" alt=\"\" class=\"wp-image-85617 lazyload\" data-srcset=\"https:\/\/eldiariodesanpedro.com.ar\/sitio\/wp-content\/uploads\/2021\/01\/WhatsApp-Image-2021-01-08-at-15.50.33-1-682x1024.jpeg 682w, https:\/\/eldiariodesanpedro.com.ar\/sitio\/wp-content\/uploads\/2021\/01\/WhatsApp-Image-2021-01-08-at-15.50.33-1-200x300.jpeg 200w, https:\/\/eldiariodesanpedro.com.ar\/sitio\/wp-content\/uploads\/2021\/01\/WhatsApp-Image-2021-01-08-at-15.50.33-1-768x1152.jpeg 768w, https:\/\/eldiariodesanpedro.com.ar\/sitio\/wp-content\/uploads\/2021\/01\/WhatsApp-Image-2021-01-08-at-15.50.33-1.jpeg 853w\" data-sizes=\"(max-width: 682px) 100vw, 682px\" src=\"data:image\/svg+xml;base64,PHN2ZyB3aWR0aD0iMSIgaGVpZ2h0PSIxIiB4bWxucz0iaHR0cDovL3d3dy53My5vcmcvMjAwMC9zdmciPjwvc3ZnPg==\" style=\"--smush-placeholder-width: 682px; --smush-placeholder-aspect-ratio: 682\/1024;\" \/><\/figure>\n\n\n\n<p><iframe data-src=\"https:\/\/www.facebook.com\/plugins\/video.php?height=314&#038;href=https%3A%2F%2Fwww.facebook.com%2Feldiario.desanpedro%2Fvideos%2F205248947955333%2F&#038;show_text=false&#038;width=560\" width=\"560\" height=\"314\" style=\"border:none;overflow:hidden\" scrolling=\"no\" frameborder=\"0\" allowfullscreen=\"true\" allow=\"autoplay; clipboard-write; encrypted-media; picture-in-picture; web-share\" allowFullScreen=\"true\" src=\"data:image\/svg+xml;base64,PHN2ZyB3aWR0aD0iMSIgaGVpZ2h0PSIxIiB4bWxucz0iaHR0cDovL3d3dy53My5vcmcvMjAwMC9zdmciPjwvc3ZnPg==\" class=\"lazyload\" data-load-mode=\"1\"><\/iframe><\/p>\n","protected":false},"excerpt":{"rendered":"<p>En el despacho oficial y acompa\u00f1ada por familiares, allegados y compa\u00f1eros del equipo de gobierno municipal, la Licenciada Marcela Cu\u00f1er jur\u00f3 oficialmente este mediod\u00eda como Secretar\u00eda de Turismo de la Municipalidad de San Pedro. El Dr. Ram\u00f3n Salazar, Intendente Interino fue el encargado de tomarle el juramento en una ceremonia breve pero muy emotiva en [&hellip;]<\/p>\n","protected":false},"author":4,"featured_media":85615,"comment_status":"open","ping_status":"closed","sticky":false,"template":"","format":"standard","meta":{"om_disable_all_campaigns":false,"_jetpack_memberships_contains_paid_content":false,"footnotes":""},"categories":[2],"tags":[],"class_list":["post-85614","post","type-post","status-publish","format-standard","has-post-thumbnail","hentry","category-locales"],"aioseo_notices":[],"gutentor_comment":0,"jetpack_featured_media_url":"https:\/\/eldiariodesanpedro.com.ar\/sitio\/wp-content\/uploads\/2021\/01\/WhatsApp-Image-2021-01-08-at-15.50.32-1.jpeg","jetpack_shortlink":"https:\/\/wp.me\/p6RhLt-mgS","jetpack_sharing_enabled":true,"_links":{"self":[{"href":"https:\/\/eldiariodesanpedro.com.ar\/sitio\/wp-json\/wp\/v2\/posts\/85614","targetHints":{"allow":["GET"]}}],"collection":[{"href":"https:\/\/eldiariodesanpedro.com.ar\/sitio\/wp-json\/wp\/v2\/posts"}],"about":[{"href":"https:\/\/eldiariodesanpedro.com.ar\/sitio\/wp-json\/wp\/v2\/types\/post"}],"author":[{"embeddable":true,"href":"https:\/\/eldiariodesanpedro.com.ar\/sitio\/wp-json\/wp\/v2\/users\/4"}],"replies":[{"embeddable":true,"href":"https:\/\/eldiariodesanpedro.com.ar\/sitio\/wp-json\/wp\/v2\/comments?post=85614"}],"version-history":[{"count":1,"href":"https:\/\/eldiariodesanpedro.com.ar\/sitio\/wp-json\/wp\/v2\/posts\/85614\/revisions"}],"predecessor-version":[{"id":85620,"href":"https:\/\/eldiariodesanpedro.com.ar\/sitio\/wp-json\/wp\/v2\/posts\/85614\/revisions\/85620"}],"wp:featuredmedia":[{"embeddable":true,"href":"https:\/\/eldiariodesanpedro.com.ar\/sitio\/wp-json\/wp\/v2\/media\/85615"}],"wp:attachment":[{"href":"https:\/\/eldiariodesanpedro.com.ar\/sitio\/wp-json\/wp\/v2\/media?parent=85614"}],"wp:term":[{"taxonomy":"category","embeddable":true,"href":"https:\/\/eldiariodesanpedro.com.ar\/sitio\/wp-json\/wp\/v2\/categories?post=85614"},{"taxonomy":"post_tag","embeddable":true,"href":"https:\/\/eldiariodesanpedro.com.ar\/sitio\/wp-json\/wp\/v2\/tags?post=85614"}],"curies":[{"name":"wp","href":"https:\/\/api.w.org\/{rel}","templated":true}]}}