{"id":85606,"date":"2021-01-08T13:18:00","date_gmt":"2021-01-08T16:18:00","guid":{"rendered":"https:\/\/eldiariodesanpedro.com.ar\/sitio\/?p=85606"},"modified":"2021-01-08T13:18:01","modified_gmt":"2021-01-08T16:18:01","slug":"presentacion-de-la-temporada-teatral-en-pescadores","status":"publish","type":"post","link":"https:\/\/eldiariodesanpedro.com.ar\/sitio\/presentacion-de-la-temporada-teatral-en-pescadores\/","title":{"rendered":"Presentaci\u00f3n de la temporada teatral en Pescadores"},"content":{"rendered":"<!-- VideographyWP Plugin Message: Automatic video embedding prevented by plugin options. -->\n\n<p>En la Casona de la Secretar\u00eda de Turismo se present\u00f3 esta ma\u00f1ana la temporada teatral que comienza el s\u00e1bado en el Club de Pescadores.<\/p>\n\n\n\n<p>El productor Facundo Venencio y los actores Costa y Alejandro Cupit\u00f3 acompa\u00f1aron a la Secretaria de Turismo en el lanzamiento de esta experiencia que sumar\u00e1 una propuesta novedosa para el verano sampedrino.<\/p>\n\n\n\n<p>Todos los participantes agradecieron el impulso del Club para llevar adelante esta temporada, el apoyo de la Municipalidad y la buena recepci\u00f3n que ya empieza a tener la oferta.<\/p>\n\n\n\n<p>Se indic\u00f3 que para cumplir con todos los protocolos, las funciones ser\u00e1n al aire, las instalaciones estar\u00e1n abiertas desde las 21 y la obra comenzar\u00e1 puntualmente los s\u00e1bados a las 21.30. De esta manera, en caso de que se apliquen restricciones a las actividades nocturnas se podr\u00e1n ajustar convenientemente.<\/p>\n\n\n\n<p>Costa y Cuipt\u00f3 contaron los detalles de Fiesta en la Estancia que ser\u00e1 la opci\u00f3n de los s\u00e1bados y anticiparon tambi\u00e9n que los domingos habr\u00e1 unipersonales de Costa, Mat\u00edas Al\u00e9 y otros actores invitados.<br>Las entradas anticipadas est\u00e1n en venta en el Club y tambi\u00e9n pueden comprarse en la Casona de Turismo (de 10 a 12) y el mismo d\u00eda de la funci\u00f3n en el Club de Pescadores.<\/p>\n\n\n\n<p>La repercusi\u00f3n de esta iniciativa en los medios que cubren noticias del espect\u00e1culo ha sido importante, especialmente por la tarea que Costa realiza en FM 100 y en TELEFE, en donde se ha promocionado la propuesta art\u00edstica y el destino San Pedro.<\/p>\n\n\n\n<p>Y con relaci\u00f3n a este punto, les informamos que desde las 14:30, un m\u00f3vil de TELEFE emitir\u00e1 en vivo desde el Club de Pescadores dentro del programa \u00abCort\u00e1 por Lozano\u00bb promocionando la participaci\u00f3n de Costa en la temporada teatral que comienza este s\u00e1bado. Los que deseen acompa\u00f1arnos est\u00e1n invitados.<\/p>\n\n\n\n<figure class=\"wp-block-image size-large\"><img decoding=\"async\" width=\"1024\" height=\"594\" data-attachment-id=\"85612\" data-permalink=\"https:\/\/eldiariodesanpedro.com.ar\/sitio\/presentacion-de-la-temporada-teatral-en-pescadores\/whatsapp-image-2021-01-08-at-13-12-10\/\" data-orig-file=\"https:\/\/eldiariodesanpedro.com.ar\/sitio\/wp-content\/uploads\/2021\/01\/WhatsApp-Image-2021-01-08-at-13.12.10.jpeg\" data-orig-size=\"1280,742\" data-comments-opened=\"1\" data-image-meta=\"{&quot;aperture&quot;:&quot;0&quot;,&quot;credit&quot;:&quot;&quot;,&quot;camera&quot;:&quot;&quot;,&quot;caption&quot;:&quot;&quot;,&quot;created_timestamp&quot;:&quot;0&quot;,&quot;copyright&quot;:&quot;&quot;,&quot;focal_length&quot;:&quot;0&quot;,&quot;iso&quot;:&quot;0&quot;,&quot;shutter_speed&quot;:&quot;0&quot;,&quot;title&quot;:&quot;&quot;,&quot;orientation&quot;:&quot;0&quot;}\" data-image-title=\"WhatsApp Image 2021-01-08 at 13.12.10\" data-image-description=\"\" data-image-caption=\"\" data-large-file=\"https:\/\/eldiariodesanpedro.com.ar\/sitio\/wp-content\/uploads\/2021\/01\/WhatsApp-Image-2021-01-08-at-13.12.10-1024x594.jpeg\" data-src=\"https:\/\/eldiariodesanpedro.com.ar\/sitio\/wp-content\/uploads\/2021\/01\/WhatsApp-Image-2021-01-08-at-13.12.10-1024x594.jpeg\" alt=\"\" class=\"wp-image-85612 lazyload\" data-srcset=\"https:\/\/eldiariodesanpedro.com.ar\/sitio\/wp-content\/uploads\/2021\/01\/WhatsApp-Image-2021-01-08-at-13.12.10-1024x594.jpeg 1024w, https:\/\/eldiariodesanpedro.com.ar\/sitio\/wp-content\/uploads\/2021\/01\/WhatsApp-Image-2021-01-08-at-13.12.10-300x174.jpeg 300w, https:\/\/eldiariodesanpedro.com.ar\/sitio\/wp-content\/uploads\/2021\/01\/WhatsApp-Image-2021-01-08-at-13.12.10-768x445.jpeg 768w, https:\/\/eldiariodesanpedro.com.ar\/sitio\/wp-content\/uploads\/2021\/01\/WhatsApp-Image-2021-01-08-at-13.12.10.jpeg 1280w\" data-sizes=\"(max-width: 1024px) 100vw, 1024px\" src=\"data:image\/svg+xml;base64,PHN2ZyB3aWR0aD0iMSIgaGVpZ2h0PSIxIiB4bWxucz0iaHR0cDovL3d3dy53My5vcmcvMjAwMC9zdmciPjwvc3ZnPg==\" style=\"--smush-placeholder-width: 1024px; --smush-placeholder-aspect-ratio: 1024\/594;\" \/><\/figure>\n\n\n\n<figure class=\"wp-block-image size-large\"><img decoding=\"async\" width=\"1024\" height=\"768\" data-attachment-id=\"85607\" data-permalink=\"https:\/\/eldiariodesanpedro.com.ar\/sitio\/presentacion-de-la-temporada-teatral-en-pescadores\/whatsapp-image-2021-01-08-at-13-12-08-1\/\" data-orig-file=\"https:\/\/eldiariodesanpedro.com.ar\/sitio\/wp-content\/uploads\/2021\/01\/WhatsApp-Image-2021-01-08-at-13.12.08-1.jpeg\" data-orig-size=\"1280,960\" data-comments-opened=\"1\" data-image-meta=\"{&quot;aperture&quot;:&quot;0&quot;,&quot;credit&quot;:&quot;&quot;,&quot;camera&quot;:&quot;&quot;,&quot;caption&quot;:&quot;&quot;,&quot;created_timestamp&quot;:&quot;0&quot;,&quot;copyright&quot;:&quot;&quot;,&quot;focal_length&quot;:&quot;0&quot;,&quot;iso&quot;:&quot;0&quot;,&quot;shutter_speed&quot;:&quot;0&quot;,&quot;title&quot;:&quot;&quot;,&quot;orientation&quot;:&quot;0&quot;}\" data-image-title=\"WhatsApp Image 2021-01-08 at 13.12.08 (1)\" data-image-description=\"\" data-image-caption=\"\" data-large-file=\"https:\/\/eldiariodesanpedro.com.ar\/sitio\/wp-content\/uploads\/2021\/01\/WhatsApp-Image-2021-01-08-at-13.12.08-1-1024x768.jpeg\" data-src=\"https:\/\/eldiariodesanpedro.com.ar\/sitio\/wp-content\/uploads\/2021\/01\/WhatsApp-Image-2021-01-08-at-13.12.08-1-1024x768.jpeg\" alt=\"\" class=\"wp-image-85607 lazyload\" data-srcset=\"https:\/\/eldiariodesanpedro.com.ar\/sitio\/wp-content\/uploads\/2021\/01\/WhatsApp-Image-2021-01-08-at-13.12.08-1-1024x768.jpeg 1024w, https:\/\/eldiariodesanpedro.com.ar\/sitio\/wp-content\/uploads\/2021\/01\/WhatsApp-Image-2021-01-08-at-13.12.08-1-300x225.jpeg 300w, https:\/\/eldiariodesanpedro.com.ar\/sitio\/wp-content\/uploads\/2021\/01\/WhatsApp-Image-2021-01-08-at-13.12.08-1-768x576.jpeg 768w, https:\/\/eldiariodesanpedro.com.ar\/sitio\/wp-content\/uploads\/2021\/01\/WhatsApp-Image-2021-01-08-at-13.12.08-1-500x375.jpeg 500w, https:\/\/eldiariodesanpedro.com.ar\/sitio\/wp-content\/uploads\/2021\/01\/WhatsApp-Image-2021-01-08-at-13.12.08-1.jpeg 1280w\" data-sizes=\"(max-width: 1024px) 100vw, 1024px\" src=\"data:image\/svg+xml;base64,PHN2ZyB3aWR0aD0iMSIgaGVpZ2h0PSIxIiB4bWxucz0iaHR0cDovL3d3dy53My5vcmcvMjAwMC9zdmciPjwvc3ZnPg==\" style=\"--smush-placeholder-width: 1024px; --smush-placeholder-aspect-ratio: 1024\/768;\" \/><\/figure>\n","protected":false},"excerpt":{"rendered":"<p>En la Casona de la Secretar\u00eda de Turismo se present\u00f3 esta ma\u00f1ana la temporada teatral que comienza el s\u00e1bado en el Club de Pescadores. El productor Facundo Venencio y los actores Costa y Alejandro Cupit\u00f3 acompa\u00f1aron a la Secretaria de Turismo en el lanzamiento de esta experiencia que sumar\u00e1 una propuesta novedosa para el verano [&hellip;]<\/p>\n","protected":false},"author":4,"featured_media":85608,"comment_status":"open","ping_status":"closed","sticky":false,"template":"","format":"standard","meta":{"om_disable_all_campaigns":false,"_jetpack_memberships_contains_paid_content":false,"footnotes":""},"categories":[50,101,2],"tags":[197,33,19],"class_list":["post-85606","post","type-post","status-publish","format-standard","has-post-thumbnail","hentry","category-destacadas","category-interes-general-locales","category-locales","tag-buenos-aires","tag-locales","tag-san-pedro"],"aioseo_notices":[],"gutentor_comment":0,"jetpack_featured_media_url":"https:\/\/eldiariodesanpedro.com.ar\/sitio\/wp-content\/uploads\/2021\/01\/WhatsApp-Image-2021-01-08-at-13.12.08.jpeg","jetpack_shortlink":"https:\/\/wp.me\/p6RhLt-mgK","jetpack_sharing_enabled":true,"_links":{"self":[{"href":"https:\/\/eldiariodesanpedro.com.ar\/sitio\/wp-json\/wp\/v2\/posts\/85606","targetHints":{"allow":["GET"]}}],"collection":[{"href":"https:\/\/eldiariodesanpedro.com.ar\/sitio\/wp-json\/wp\/v2\/posts"}],"about":[{"href":"https:\/\/eldiariodesanpedro.com.ar\/sitio\/wp-json\/wp\/v2\/types\/post"}],"author":[{"embeddable":true,"href":"https:\/\/eldiariodesanpedro.com.ar\/sitio\/wp-json\/wp\/v2\/users\/4"}],"replies":[{"embeddable":true,"href":"https:\/\/eldiariodesanpedro.com.ar\/sitio\/wp-json\/wp\/v2\/comments?post=85606"}],"version-history":[{"count":1,"href":"https:\/\/eldiariodesanpedro.com.ar\/sitio\/wp-json\/wp\/v2\/posts\/85606\/revisions"}],"predecessor-version":[{"id":85613,"href":"https:\/\/eldiariodesanpedro.com.ar\/sitio\/wp-json\/wp\/v2\/posts\/85606\/revisions\/85613"}],"wp:featuredmedia":[{"embeddable":true,"href":"https:\/\/eldiariodesanpedro.com.ar\/sitio\/wp-json\/wp\/v2\/media\/85608"}],"wp:attachment":[{"href":"https:\/\/eldiariodesanpedro.com.ar\/sitio\/wp-json\/wp\/v2\/media?parent=85606"}],"wp:term":[{"taxonomy":"category","embeddable":true,"href":"https:\/\/eldiariodesanpedro.com.ar\/sitio\/wp-json\/wp\/v2\/categories?post=85606"},{"taxonomy":"post_tag","embeddable":true,"href":"https:\/\/eldiariodesanpedro.com.ar\/sitio\/wp-json\/wp\/v2\/tags?post=85606"}],"curies":[{"name":"wp","href":"https:\/\/api.w.org\/{rel}","templated":true}]}}