{"id":85600,"date":"2021-01-08T11:42:18","date_gmt":"2021-01-08T14:42:18","guid":{"rendered":"https:\/\/eldiariodesanpedro.com.ar\/sitio\/?p=85600"},"modified":"2021-01-08T11:42:20","modified_gmt":"2021-01-08T14:42:20","slug":"con-un-nuevo-llamado-al-uso-responsable-se-incorporo-una-nueva-bomba-a-la-red-de-agua-potable","status":"publish","type":"post","link":"https:\/\/eldiariodesanpedro.com.ar\/sitio\/con-un-nuevo-llamado-al-uso-responsable-se-incorporo-una-nueva-bomba-a-la-red-de-agua-potable\/","title":{"rendered":"Con un nuevo llamado al uso responsable, se incorpor\u00f3 una nueva bomba a la red de agua potable"},"content":{"rendered":"<!-- VideographyWP Plugin Message: Automatic video embedding prevented by plugin options. -->\n\n<p>En la esquina de Jos\u00e9 Hern\u00e1ndez y Juan B. Justo, esta ma\u00f1ana el Intendente Interino Ram\u00f3n Salazar acompa\u00f1\u00f3 a las autoridades y personal de la Secretar\u00eda de Obras P\u00fablicas y de la Direcci\u00f3n de Servicios Sanitarios en la apertura oficial la bomba N\u00ba30 de extracci\u00f3n de agua para la red que brinda este valioso servicio en nuestra ciudad.<\/p>\n\n\n\n<p>El Secretario de Obras P\u00fablicas Ariel Alvarez y el Director de Servicios Sanitarios Horacio R\u00edos comentaron al Intendente Interno la situaci\u00f3n general que en esta \u00e9poca del a\u00f1o es cr\u00edtica y requiere que todos los vecinos tengan una actitud m\u00e1s responsable con el uso diario.<\/p>\n\n\n\n<p>A fines de noviembre se hab\u00eda incorporado la bomba N\u00ba29 y tal como se hab\u00eda anticipado a poco m\u00e1s de un mes se ha concretado esta obra para mejorar el servicio en toda la zona de influencia.<\/p>\n\n\n\n<p>Desde el gobierno municipal se contin\u00faa trabajando para seguir incorporando nuevos puntos de suministro para la red de agua potable de la ciudad y se reitera que la solidaridad para un uso responsable y consciente del servicio, har\u00e1 que todos los vecinos puedan contar con el suministro m\u00ednimo e indispensable para su vida cotidiana.<\/p>\n\n\n\n<figure class=\"wp-block-image size-large\"><img decoding=\"async\" width=\"1024\" height=\"768\" data-attachment-id=\"85604\" data-permalink=\"https:\/\/eldiariodesanpedro.com.ar\/sitio\/con-un-nuevo-llamado-al-uso-responsable-se-incorporo-una-nueva-bomba-a-la-red-de-agua-potable\/whatsapp-image-2021-01-08-at-11-35-55\/\" data-orig-file=\"https:\/\/eldiariodesanpedro.com.ar\/sitio\/wp-content\/uploads\/2021\/01\/WhatsApp-Image-2021-01-08-at-11.35.55.jpeg\" data-orig-size=\"1280,960\" data-comments-opened=\"1\" data-image-meta=\"{&quot;aperture&quot;:&quot;0&quot;,&quot;credit&quot;:&quot;&quot;,&quot;camera&quot;:&quot;&quot;,&quot;caption&quot;:&quot;&quot;,&quot;created_timestamp&quot;:&quot;0&quot;,&quot;copyright&quot;:&quot;&quot;,&quot;focal_length&quot;:&quot;0&quot;,&quot;iso&quot;:&quot;0&quot;,&quot;shutter_speed&quot;:&quot;0&quot;,&quot;title&quot;:&quot;&quot;,&quot;orientation&quot;:&quot;0&quot;}\" data-image-title=\"WhatsApp Image 2021-01-08 at 11.35.55\" data-image-description=\"\" data-image-caption=\"\" data-large-file=\"https:\/\/eldiariodesanpedro.com.ar\/sitio\/wp-content\/uploads\/2021\/01\/WhatsApp-Image-2021-01-08-at-11.35.55-1024x768.jpeg\" data-src=\"https:\/\/eldiariodesanpedro.com.ar\/sitio\/wp-content\/uploads\/2021\/01\/WhatsApp-Image-2021-01-08-at-11.35.55-1024x768.jpeg\" alt=\"\" class=\"wp-image-85604 lazyload\" data-srcset=\"https:\/\/eldiariodesanpedro.com.ar\/sitio\/wp-content\/uploads\/2021\/01\/WhatsApp-Image-2021-01-08-at-11.35.55-1024x768.jpeg 1024w, https:\/\/eldiariodesanpedro.com.ar\/sitio\/wp-content\/uploads\/2021\/01\/WhatsApp-Image-2021-01-08-at-11.35.55-300x225.jpeg 300w, https:\/\/eldiariodesanpedro.com.ar\/sitio\/wp-content\/uploads\/2021\/01\/WhatsApp-Image-2021-01-08-at-11.35.55-768x576.jpeg 768w, https:\/\/eldiariodesanpedro.com.ar\/sitio\/wp-content\/uploads\/2021\/01\/WhatsApp-Image-2021-01-08-at-11.35.55-500x375.jpeg 500w, https:\/\/eldiariodesanpedro.com.ar\/sitio\/wp-content\/uploads\/2021\/01\/WhatsApp-Image-2021-01-08-at-11.35.55.jpeg 1280w\" data-sizes=\"(max-width: 1024px) 100vw, 1024px\" src=\"data:image\/svg+xml;base64,PHN2ZyB3aWR0aD0iMSIgaGVpZ2h0PSIxIiB4bWxucz0iaHR0cDovL3d3dy53My5vcmcvMjAwMC9zdmciPjwvc3ZnPg==\" style=\"--smush-placeholder-width: 1024px; --smush-placeholder-aspect-ratio: 1024\/768;\" \/><\/figure>\n\n\n\n<figure class=\"wp-block-image size-large\"><img decoding=\"async\" width=\"1024\" height=\"768\" data-attachment-id=\"85602\" data-permalink=\"https:\/\/eldiariodesanpedro.com.ar\/sitio\/con-un-nuevo-llamado-al-uso-responsable-se-incorporo-una-nueva-bomba-a-la-red-de-agua-potable\/whatsapp-image-2021-01-08-at-11-35-54-1\/\" data-orig-file=\"https:\/\/eldiariodesanpedro.com.ar\/sitio\/wp-content\/uploads\/2021\/01\/WhatsApp-Image-2021-01-08-at-11.35.54-1.jpeg\" data-orig-size=\"1280,960\" data-comments-opened=\"1\" data-image-meta=\"{&quot;aperture&quot;:&quot;0&quot;,&quot;credit&quot;:&quot;&quot;,&quot;camera&quot;:&quot;&quot;,&quot;caption&quot;:&quot;&quot;,&quot;created_timestamp&quot;:&quot;0&quot;,&quot;copyright&quot;:&quot;&quot;,&quot;focal_length&quot;:&quot;0&quot;,&quot;iso&quot;:&quot;0&quot;,&quot;shutter_speed&quot;:&quot;0&quot;,&quot;title&quot;:&quot;&quot;,&quot;orientation&quot;:&quot;0&quot;}\" data-image-title=\"WhatsApp Image 2021-01-08 at 11.35.54 (1)\" data-image-description=\"\" data-image-caption=\"\" data-large-file=\"https:\/\/eldiariodesanpedro.com.ar\/sitio\/wp-content\/uploads\/2021\/01\/WhatsApp-Image-2021-01-08-at-11.35.54-1-1024x768.jpeg\" data-src=\"https:\/\/eldiariodesanpedro.com.ar\/sitio\/wp-content\/uploads\/2021\/01\/WhatsApp-Image-2021-01-08-at-11.35.54-1-1024x768.jpeg\" alt=\"\" class=\"wp-image-85602 lazyload\" data-srcset=\"https:\/\/eldiariodesanpedro.com.ar\/sitio\/wp-content\/uploads\/2021\/01\/WhatsApp-Image-2021-01-08-at-11.35.54-1-1024x768.jpeg 1024w, https:\/\/eldiariodesanpedro.com.ar\/sitio\/wp-content\/uploads\/2021\/01\/WhatsApp-Image-2021-01-08-at-11.35.54-1-300x225.jpeg 300w, https:\/\/eldiariodesanpedro.com.ar\/sitio\/wp-content\/uploads\/2021\/01\/WhatsApp-Image-2021-01-08-at-11.35.54-1-768x576.jpeg 768w, https:\/\/eldiariodesanpedro.com.ar\/sitio\/wp-content\/uploads\/2021\/01\/WhatsApp-Image-2021-01-08-at-11.35.54-1-500x375.jpeg 500w, https:\/\/eldiariodesanpedro.com.ar\/sitio\/wp-content\/uploads\/2021\/01\/WhatsApp-Image-2021-01-08-at-11.35.54-1.jpeg 1280w\" data-sizes=\"(max-width: 1024px) 100vw, 1024px\" src=\"data:image\/svg+xml;base64,PHN2ZyB3aWR0aD0iMSIgaGVpZ2h0PSIxIiB4bWxucz0iaHR0cDovL3d3dy53My5vcmcvMjAwMC9zdmciPjwvc3ZnPg==\" style=\"--smush-placeholder-width: 1024px; --smush-placeholder-aspect-ratio: 1024\/768;\" \/><\/figure>\n","protected":false},"excerpt":{"rendered":"<p>En la esquina de Jos\u00e9 Hern\u00e1ndez y Juan B. Justo, esta ma\u00f1ana el Intendente Interino Ram\u00f3n Salazar acompa\u00f1\u00f3 a las autoridades y personal de la Secretar\u00eda de Obras P\u00fablicas y de la Direcci\u00f3n de Servicios Sanitarios en la apertura oficial la bomba N\u00ba30 de extracci\u00f3n de agua para la red que brinda este valioso servicio [&hellip;]<\/p>\n","protected":false},"author":4,"featured_media":85603,"comment_status":"open","ping_status":"closed","sticky":false,"template":"","format":"standard","meta":{"om_disable_all_campaigns":false,"_jetpack_memberships_contains_paid_content":false,"footnotes":""},"categories":[50,101,2],"tags":[],"class_list":["post-85600","post","type-post","status-publish","format-standard","has-post-thumbnail","hentry","category-destacadas","category-interes-general-locales","category-locales"],"aioseo_notices":[],"gutentor_comment":0,"jetpack_featured_media_url":"https:\/\/eldiariodesanpedro.com.ar\/sitio\/wp-content\/uploads\/2021\/01\/WhatsApp-Image-2021-01-08-at-11.35.54.jpeg","jetpack_shortlink":"https:\/\/wp.me\/p6RhLt-mgE","jetpack_sharing_enabled":true,"_links":{"self":[{"href":"https:\/\/eldiariodesanpedro.com.ar\/sitio\/wp-json\/wp\/v2\/posts\/85600","targetHints":{"allow":["GET"]}}],"collection":[{"href":"https:\/\/eldiariodesanpedro.com.ar\/sitio\/wp-json\/wp\/v2\/posts"}],"about":[{"href":"https:\/\/eldiariodesanpedro.com.ar\/sitio\/wp-json\/wp\/v2\/types\/post"}],"author":[{"embeddable":true,"href":"https:\/\/eldiariodesanpedro.com.ar\/sitio\/wp-json\/wp\/v2\/users\/4"}],"replies":[{"embeddable":true,"href":"https:\/\/eldiariodesanpedro.com.ar\/sitio\/wp-json\/wp\/v2\/comments?post=85600"}],"version-history":[{"count":1,"href":"https:\/\/eldiariodesanpedro.com.ar\/sitio\/wp-json\/wp\/v2\/posts\/85600\/revisions"}],"predecessor-version":[{"id":85605,"href":"https:\/\/eldiariodesanpedro.com.ar\/sitio\/wp-json\/wp\/v2\/posts\/85600\/revisions\/85605"}],"wp:featuredmedia":[{"embeddable":true,"href":"https:\/\/eldiariodesanpedro.com.ar\/sitio\/wp-json\/wp\/v2\/media\/85603"}],"wp:attachment":[{"href":"https:\/\/eldiariodesanpedro.com.ar\/sitio\/wp-json\/wp\/v2\/media?parent=85600"}],"wp:term":[{"taxonomy":"category","embeddable":true,"href":"https:\/\/eldiariodesanpedro.com.ar\/sitio\/wp-json\/wp\/v2\/categories?post=85600"},{"taxonomy":"post_tag","embeddable":true,"href":"https:\/\/eldiariodesanpedro.com.ar\/sitio\/wp-json\/wp\/v2\/tags?post=85600"}],"curies":[{"name":"wp","href":"https:\/\/api.w.org\/{rel}","templated":true}]}}