{"id":85598,"date":"2021-01-08T11:07:15","date_gmt":"2021-01-08T14:07:15","guid":{"rendered":"https:\/\/eldiariodesanpedro.com.ar\/sitio\/?p=85598"},"modified":"2021-01-08T11:07:19","modified_gmt":"2021-01-08T14:07:19","slug":"dos-jovenes-aprendidos-con-tenencia-de-marihuana","status":"publish","type":"post","link":"https:\/\/eldiariodesanpedro.com.ar\/sitio\/dos-jovenes-aprendidos-con-tenencia-de-marihuana\/","title":{"rendered":"Dos j\u00f3venes aprendidos con tenencia de marihuana"},"content":{"rendered":"<!-- VideographyWP Plugin Message: Automatic video embedding prevented by plugin options. -->\n\n<p>Este jueves el de Las Provincias y Lucio Mansilla traslada masculino de 30 a\u00f1os de edad, quien ten\u00eda en su poder picadura marihuana \u00ednfimo pesaje.<\/p>\n\n\n\n<p>Otro proceder simil de Auli y 11 de Septiembre ciudad se traslada menor de 16 a\u00f1os quien ten\u00eda en su poder picadura marihuana \u00ednfimo pesaje.<\/p>\n\n\n\n<p>Ambas personas trasladadas a la comisaria local y tras requerimientos legales fueron puestos en libertad.<\/p>\n","protected":false},"excerpt":{"rendered":"<p>Este jueves el de Las Provincias y Lucio Mansilla traslada masculino de 30 a\u00f1os de edad, quien ten\u00eda en su poder picadura marihuana \u00ednfimo pesaje. Otro proceder simil de Auli y 11 de Septiembre ciudad se traslada menor de 16 a\u00f1os quien ten\u00eda en su poder picadura marihuana \u00ednfimo pesaje. Ambas personas trasladadas a la [&hellip;]<\/p>\n","protected":false},"author":4,"featured_media":77910,"comment_status":"open","ping_status":"closed","sticky":false,"template":"","format":"standard","meta":{"om_disable_all_campaigns":false,"_jetpack_memberships_contains_paid_content":false,"footnotes":""},"categories":[2,103],"tags":[],"class_list":["post-85598","post","type-post","status-publish","format-standard","has-post-thumbnail","hentry","category-locales","category-policiales-locales"],"aioseo_notices":[],"gutentor_comment":0,"jetpack_featured_media_url":"https:\/\/eldiariodesanpedro.com.ar\/sitio\/wp-content\/uploads\/2020\/07\/no_ssowqejple3k931nop1c56465t83uu31kc3o1tm219bh1_1_.jpg","jetpack_shortlink":"https:\/\/wp.me\/p6RhLt-mgC","jetpack_sharing_enabled":true,"_links":{"self":[{"href":"https:\/\/eldiariodesanpedro.com.ar\/sitio\/wp-json\/wp\/v2\/posts\/85598","targetHints":{"allow":["GET"]}}],"collection":[{"href":"https:\/\/eldiariodesanpedro.com.ar\/sitio\/wp-json\/wp\/v2\/posts"}],"about":[{"href":"https:\/\/eldiariodesanpedro.com.ar\/sitio\/wp-json\/wp\/v2\/types\/post"}],"author":[{"embeddable":true,"href":"https:\/\/eldiariodesanpedro.com.ar\/sitio\/wp-json\/wp\/v2\/users\/4"}],"replies":[{"embeddable":true,"href":"https:\/\/eldiariodesanpedro.com.ar\/sitio\/wp-json\/wp\/v2\/comments?post=85598"}],"version-history":[{"count":1,"href":"https:\/\/eldiariodesanpedro.com.ar\/sitio\/wp-json\/wp\/v2\/posts\/85598\/revisions"}],"predecessor-version":[{"id":85599,"href":"https:\/\/eldiariodesanpedro.com.ar\/sitio\/wp-json\/wp\/v2\/posts\/85598\/revisions\/85599"}],"wp:featuredmedia":[{"embeddable":true,"href":"https:\/\/eldiariodesanpedro.com.ar\/sitio\/wp-json\/wp\/v2\/media\/77910"}],"wp:attachment":[{"href":"https:\/\/eldiariodesanpedro.com.ar\/sitio\/wp-json\/wp\/v2\/media?parent=85598"}],"wp:term":[{"taxonomy":"category","embeddable":true,"href":"https:\/\/eldiariodesanpedro.com.ar\/sitio\/wp-json\/wp\/v2\/categories?post=85598"},{"taxonomy":"post_tag","embeddable":true,"href":"https:\/\/eldiariodesanpedro.com.ar\/sitio\/wp-json\/wp\/v2\/tags?post=85598"}],"curies":[{"name":"wp","href":"https:\/\/api.w.org\/{rel}","templated":true}]}}