{"id":85596,"date":"2021-01-08T11:04:07","date_gmt":"2021-01-08T14:04:07","guid":{"rendered":"https:\/\/eldiariodesanpedro.com.ar\/sitio\/?p=85596"},"modified":"2021-01-08T11:04:10","modified_gmt":"2021-01-08T14:04:10","slug":"tres-aprehendidos-por-diferentes-causas","status":"publish","type":"post","link":"https:\/\/eldiariodesanpedro.com.ar\/sitio\/tres-aprehendidos-por-diferentes-causas\/","title":{"rendered":"Tres aprehendidos por diferentes causas"},"content":{"rendered":"<!-- VideographyWP Plugin Message: Automatic video embedding prevented by plugin options. -->\n\n<p>La Polic\u00eda de nuestra ciudad se hace presente en calle Las Provincias y Boulevard Moreno traslada a masculino de 41 a\u00f1os de edad, quien registra pedido de Captura Activa en causa contravencional a requerimiento del Juzgado de Paz San Pedro.<\/p>\n\n\n\n<p>En la vecina localidad R\u00edo Tala, en ex ruta 9 altura Prear, traslada masculino de 35 a\u00f1os de edad quien registra captura activa por causa portaci\u00f3n ilegal de arma y robo calificado a requerimiento de la justicia ordinaria de San Nicol\u00e1s.<\/p>\n\n\n\n<p>Tambi\u00e9n en la vecina localidad, en ex ruta 9 altura Prear, aprehende a masculino de&nbsp; 20 a\u00f1os&nbsp; secuestrando en su poder arma blanca tipo cuchilla y otro tipo tramontina.&nbsp;<\/p>\n\n\n\n<p>Todos ellos se presentar\u00e1n en el Juzgado de Paz para ser notificados.<\/p>\n","protected":false},"excerpt":{"rendered":"<p>La Polic\u00eda de nuestra ciudad se hace presente en calle Las Provincias y Boulevard Moreno traslada a masculino de 41 a\u00f1os de edad, quien registra pedido de Captura Activa en causa contravencional a requerimiento del Juzgado de Paz San Pedro. En la vecina localidad R\u00edo Tala, en ex ruta 9 altura Prear, traslada masculino de [&hellip;]<\/p>\n","protected":false},"author":4,"featured_media":77561,"comment_status":"open","ping_status":"closed","sticky":false,"template":"","format":"standard","meta":{"om_disable_all_campaigns":false,"_jetpack_memberships_contains_paid_content":false,"footnotes":""},"categories":[2,103],"tags":[],"class_list":["post-85596","post","type-post","status-publish","format-standard","has-post-thumbnail","hentry","category-locales","category-policiales-locales"],"aioseo_notices":[],"gutentor_comment":0,"jetpack_featured_media_url":"https:\/\/eldiariodesanpedro.com.ar\/sitio\/wp-content\/uploads\/2020\/07\/20200709072134.jpg","jetpack_shortlink":"https:\/\/wp.me\/p6RhLt-mgA","jetpack_sharing_enabled":true,"_links":{"self":[{"href":"https:\/\/eldiariodesanpedro.com.ar\/sitio\/wp-json\/wp\/v2\/posts\/85596","targetHints":{"allow":["GET"]}}],"collection":[{"href":"https:\/\/eldiariodesanpedro.com.ar\/sitio\/wp-json\/wp\/v2\/posts"}],"about":[{"href":"https:\/\/eldiariodesanpedro.com.ar\/sitio\/wp-json\/wp\/v2\/types\/post"}],"author":[{"embeddable":true,"href":"https:\/\/eldiariodesanpedro.com.ar\/sitio\/wp-json\/wp\/v2\/users\/4"}],"replies":[{"embeddable":true,"href":"https:\/\/eldiariodesanpedro.com.ar\/sitio\/wp-json\/wp\/v2\/comments?post=85596"}],"version-history":[{"count":1,"href":"https:\/\/eldiariodesanpedro.com.ar\/sitio\/wp-json\/wp\/v2\/posts\/85596\/revisions"}],"predecessor-version":[{"id":85597,"href":"https:\/\/eldiariodesanpedro.com.ar\/sitio\/wp-json\/wp\/v2\/posts\/85596\/revisions\/85597"}],"wp:featuredmedia":[{"embeddable":true,"href":"https:\/\/eldiariodesanpedro.com.ar\/sitio\/wp-json\/wp\/v2\/media\/77561"}],"wp:attachment":[{"href":"https:\/\/eldiariodesanpedro.com.ar\/sitio\/wp-json\/wp\/v2\/media?parent=85596"}],"wp:term":[{"taxonomy":"category","embeddable":true,"href":"https:\/\/eldiariodesanpedro.com.ar\/sitio\/wp-json\/wp\/v2\/categories?post=85596"},{"taxonomy":"post_tag","embeddable":true,"href":"https:\/\/eldiariodesanpedro.com.ar\/sitio\/wp-json\/wp\/v2\/tags?post=85596"}],"curies":[{"name":"wp","href":"https:\/\/api.w.org\/{rel}","templated":true}]}}