{"id":85591,"date":"2021-01-08T10:00:50","date_gmt":"2021-01-08T13:00:50","guid":{"rendered":"https:\/\/eldiariodesanpedro.com.ar\/sitio\/?p=85591"},"modified":"2021-01-08T10:00:54","modified_gmt":"2021-01-08T13:00:54","slug":"mas-color-para-la-temporada","status":"publish","type":"post","link":"https:\/\/eldiariodesanpedro.com.ar\/sitio\/mas-color-para-la-temporada\/","title":{"rendered":"M\u00e1s color para la temporada"},"content":{"rendered":"<!-- VideographyWP Plugin Message: Automatic video embedding prevented by plugin options. -->\n\n<p>Son d\u00edas en los que colores y la renovaci\u00f3n de nuestros espacios nos animan a seguir adelante, tratando de enfrentar los dif\u00edciles tiempos que vivimos, con mejor esp\u00edritu. <\/p>\n\n\n\n<p>Hoy comenzamos a colocar nuestros canastos de colores en una zona en la que la promoci\u00f3n y la venta de los art\u00edculos de mimbre, junto a locales gastron\u00f3micos y de art\u00edculos regionales caracterizan a nuestra costanera. <\/p>\n\n\n\n<p>El tramo inicial de la Avenida 11 de septiembre que se conecta con el Paseo Agenor Almada y que pronto sumar\u00e1 otras novedades, se ve diferente con una decoraci\u00f3n similar a la que puede encontrarse en importantes capitales del mundo. Una ciudad m\u00e1s linda nos hace sentir mejor y en eso, todos podemos participar cuidando y cuid\u00e1ndonos.<\/p>\n\n\n\n<figure class=\"wp-block-image size-large\"><img decoding=\"async\" width=\"682\" height=\"1024\" data-attachment-id=\"85594\" data-permalink=\"https:\/\/eldiariodesanpedro.com.ar\/sitio\/mas-color-para-la-temporada\/135840309_4244606472221884_2789252978774409907_o\/\" data-orig-file=\"https:\/\/eldiariodesanpedro.com.ar\/sitio\/wp-content\/uploads\/2021\/01\/135840309_4244606472221884_2789252978774409907_o.jpg\" data-orig-size=\"853,1280\" data-comments-opened=\"1\" data-image-meta=\"{&quot;aperture&quot;:&quot;0&quot;,&quot;credit&quot;:&quot;&quot;,&quot;camera&quot;:&quot;&quot;,&quot;caption&quot;:&quot;&quot;,&quot;created_timestamp&quot;:&quot;0&quot;,&quot;copyright&quot;:&quot;&quot;,&quot;focal_length&quot;:&quot;0&quot;,&quot;iso&quot;:&quot;0&quot;,&quot;shutter_speed&quot;:&quot;0&quot;,&quot;title&quot;:&quot;&quot;,&quot;orientation&quot;:&quot;0&quot;}\" data-image-title=\"135840309_4244606472221884_2789252978774409907_o\" data-image-description=\"\" data-image-caption=\"\" data-large-file=\"https:\/\/eldiariodesanpedro.com.ar\/sitio\/wp-content\/uploads\/2021\/01\/135840309_4244606472221884_2789252978774409907_o-682x1024.jpg\" data-src=\"https:\/\/eldiariodesanpedro.com.ar\/sitio\/wp-content\/uploads\/2021\/01\/135840309_4244606472221884_2789252978774409907_o-682x1024.jpg\" alt=\"\" class=\"wp-image-85594 lazyload\" data-srcset=\"https:\/\/eldiariodesanpedro.com.ar\/sitio\/wp-content\/uploads\/2021\/01\/135840309_4244606472221884_2789252978774409907_o-682x1024.jpg 682w, https:\/\/eldiariodesanpedro.com.ar\/sitio\/wp-content\/uploads\/2021\/01\/135840309_4244606472221884_2789252978774409907_o-200x300.jpg 200w, https:\/\/eldiariodesanpedro.com.ar\/sitio\/wp-content\/uploads\/2021\/01\/135840309_4244606472221884_2789252978774409907_o-768x1152.jpg 768w, https:\/\/eldiariodesanpedro.com.ar\/sitio\/wp-content\/uploads\/2021\/01\/135840309_4244606472221884_2789252978774409907_o.jpg 853w\" data-sizes=\"(max-width: 682px) 100vw, 682px\" src=\"data:image\/svg+xml;base64,PHN2ZyB3aWR0aD0iMSIgaGVpZ2h0PSIxIiB4bWxucz0iaHR0cDovL3d3dy53My5vcmcvMjAwMC9zdmciPjwvc3ZnPg==\" style=\"--smush-placeholder-width: 682px; --smush-placeholder-aspect-ratio: 682\/1024;\" \/><\/figure>\n\n\n\n<figure class=\"wp-block-image size-large\"><img decoding=\"async\" width=\"682\" height=\"1024\" data-attachment-id=\"85593\" data-permalink=\"https:\/\/eldiariodesanpedro.com.ar\/sitio\/mas-color-para-la-temporada\/135775638_4244606415555223_4027361309489242563_o\/\" data-orig-file=\"https:\/\/eldiariodesanpedro.com.ar\/sitio\/wp-content\/uploads\/2021\/01\/135775638_4244606415555223_4027361309489242563_o.jpg\" data-orig-size=\"853,1280\" data-comments-opened=\"1\" data-image-meta=\"{&quot;aperture&quot;:&quot;0&quot;,&quot;credit&quot;:&quot;&quot;,&quot;camera&quot;:&quot;&quot;,&quot;caption&quot;:&quot;&quot;,&quot;created_timestamp&quot;:&quot;0&quot;,&quot;copyright&quot;:&quot;&quot;,&quot;focal_length&quot;:&quot;0&quot;,&quot;iso&quot;:&quot;0&quot;,&quot;shutter_speed&quot;:&quot;0&quot;,&quot;title&quot;:&quot;&quot;,&quot;orientation&quot;:&quot;0&quot;}\" data-image-title=\"135775638_4244606415555223_4027361309489242563_o\" data-image-description=\"\" data-image-caption=\"\" data-large-file=\"https:\/\/eldiariodesanpedro.com.ar\/sitio\/wp-content\/uploads\/2021\/01\/135775638_4244606415555223_4027361309489242563_o-682x1024.jpg\" data-src=\"https:\/\/eldiariodesanpedro.com.ar\/sitio\/wp-content\/uploads\/2021\/01\/135775638_4244606415555223_4027361309489242563_o-682x1024.jpg\" alt=\"\" class=\"wp-image-85593 lazyload\" data-srcset=\"https:\/\/eldiariodesanpedro.com.ar\/sitio\/wp-content\/uploads\/2021\/01\/135775638_4244606415555223_4027361309489242563_o-682x1024.jpg 682w, https:\/\/eldiariodesanpedro.com.ar\/sitio\/wp-content\/uploads\/2021\/01\/135775638_4244606415555223_4027361309489242563_o-200x300.jpg 200w, https:\/\/eldiariodesanpedro.com.ar\/sitio\/wp-content\/uploads\/2021\/01\/135775638_4244606415555223_4027361309489242563_o-768x1152.jpg 768w, https:\/\/eldiariodesanpedro.com.ar\/sitio\/wp-content\/uploads\/2021\/01\/135775638_4244606415555223_4027361309489242563_o.jpg 853w\" data-sizes=\"(max-width: 682px) 100vw, 682px\" src=\"data:image\/svg+xml;base64,PHN2ZyB3aWR0aD0iMSIgaGVpZ2h0PSIxIiB4bWxucz0iaHR0cDovL3d3dy53My5vcmcvMjAwMC9zdmciPjwvc3ZnPg==\" style=\"--smush-placeholder-width: 682px; --smush-placeholder-aspect-ratio: 682\/1024;\" \/><\/figure>\n","protected":false},"excerpt":{"rendered":"<p>Son d\u00edas en los que colores y la renovaci\u00f3n de nuestros espacios nos animan a seguir adelante, tratando de enfrentar los dif\u00edciles tiempos que vivimos, con mejor esp\u00edritu. Hoy comenzamos a colocar nuestros canastos de colores en una zona en la que la promoci\u00f3n y la venta de los art\u00edculos de mimbre, junto a locales [&hellip;]<\/p>\n","protected":false},"author":4,"featured_media":85592,"comment_status":"open","ping_status":"closed","sticky":false,"template":"","format":"standard","meta":{"om_disable_all_campaigns":false,"_jetpack_memberships_contains_paid_content":false,"footnotes":""},"categories":[101,2],"tags":[],"class_list":["post-85591","post","type-post","status-publish","format-standard","has-post-thumbnail","hentry","category-interes-general-locales","category-locales"],"aioseo_notices":[],"gutentor_comment":0,"jetpack_featured_media_url":"https:\/\/eldiariodesanpedro.com.ar\/sitio\/wp-content\/uploads\/2021\/01\/135845962_4244606522221879_7286071069543694407_o.jpg","jetpack_shortlink":"https:\/\/wp.me\/p6RhLt-mgv","jetpack_sharing_enabled":true,"_links":{"self":[{"href":"https:\/\/eldiariodesanpedro.com.ar\/sitio\/wp-json\/wp\/v2\/posts\/85591","targetHints":{"allow":["GET"]}}],"collection":[{"href":"https:\/\/eldiariodesanpedro.com.ar\/sitio\/wp-json\/wp\/v2\/posts"}],"about":[{"href":"https:\/\/eldiariodesanpedro.com.ar\/sitio\/wp-json\/wp\/v2\/types\/post"}],"author":[{"embeddable":true,"href":"https:\/\/eldiariodesanpedro.com.ar\/sitio\/wp-json\/wp\/v2\/users\/4"}],"replies":[{"embeddable":true,"href":"https:\/\/eldiariodesanpedro.com.ar\/sitio\/wp-json\/wp\/v2\/comments?post=85591"}],"version-history":[{"count":1,"href":"https:\/\/eldiariodesanpedro.com.ar\/sitio\/wp-json\/wp\/v2\/posts\/85591\/revisions"}],"predecessor-version":[{"id":85595,"href":"https:\/\/eldiariodesanpedro.com.ar\/sitio\/wp-json\/wp\/v2\/posts\/85591\/revisions\/85595"}],"wp:featuredmedia":[{"embeddable":true,"href":"https:\/\/eldiariodesanpedro.com.ar\/sitio\/wp-json\/wp\/v2\/media\/85592"}],"wp:attachment":[{"href":"https:\/\/eldiariodesanpedro.com.ar\/sitio\/wp-json\/wp\/v2\/media?parent=85591"}],"wp:term":[{"taxonomy":"category","embeddable":true,"href":"https:\/\/eldiariodesanpedro.com.ar\/sitio\/wp-json\/wp\/v2\/categories?post=85591"},{"taxonomy":"post_tag","embeddable":true,"href":"https:\/\/eldiariodesanpedro.com.ar\/sitio\/wp-json\/wp\/v2\/tags?post=85591"}],"curies":[{"name":"wp","href":"https:\/\/api.w.org\/{rel}","templated":true}]}}