{"id":85565,"date":"2021-01-07T20:21:48","date_gmt":"2021-01-07T23:21:48","guid":{"rendered":"https:\/\/eldiariodesanpedro.com.ar\/sitio\/?p=85565"},"modified":"2021-01-07T20:21:51","modified_gmt":"2021-01-07T23:21:51","slug":"campana-la-vacuna-contra-el-covid-19-ya-esta-en-campana","status":"publish","type":"post","link":"https:\/\/eldiariodesanpedro.com.ar\/sitio\/campana-la-vacuna-contra-el-covid-19-ya-esta-en-campana\/","title":{"rendered":"CAMPANA | La vacuna contra el COVID-19 ya est\u00e1 en Campana"},"content":{"rendered":"<!-- VideographyWP Plugin Message: Automatic video embedding prevented by plugin options. -->\n\n<p>Desde el Ministerio de Salud bonaerense hicieron entrega de las primeras 450 dosis al Hospital Municipal San Jos\u00e9, donde se comenzar\u00e1 con la aplicaci\u00f3n al personal de salud. Mientras tanto, contin\u00faa la inscripci\u00f3n general para el operativo Vacunate! Que llevar\u00e1 a cabo la Provincia.<\/p>\n\n\n\n<p>Luego del contratiempo a causa del faltante de un sistema de refrigeraci\u00f3n homologado para la conservaci\u00f3n de la vacuna Sputnik, finalmente arribaron hace instantes las primeras dosis de la droga contra el COVID-19.<\/p>\n\n\n\n<p>Autoridades del Ministerio de Salud de la Provincia, acompa\u00f1adas por integrantes del PJ-Frente de Todos de nuestra Ciudad, arribaron al Hospital San Jos\u00e9 donde concretaron la entrega al Intendente Sebasti\u00e1n Abella y Directivos de la unidad sanitaria donde se comenzar\u00e1 con la inmunizaci\u00f3n del personal de salud, tal como estaba establecido, siendo los integrantes de la terapia intensiva los primeros es en ser vacunados.<\/p>\n\n\n\n<p>Luego que el Intendente Municipal Sebasti\u00e1n Abella anunciara primero el inicio de la vacunaci\u00f3n el pasado Lunes 4, y otras voces deslizaran que podr\u00edan arribar las dosis la semana entrante, finalmente esta tarde lleg\u00f3 la primera tanda de vacunas contra el Covid \u2013 19.<\/p>\n\n\n\n<p>Se estima que para fin de mes, podr\u00eda comenzar el proceso de vacunaci\u00f3n en general llevado a cabo por el Gobierno de la Provincia, y que se estima tendr\u00e1 al menos tres puntos de aplicaci\u00f3n. Dicho operativo priorizar\u00e1 a personas mayores de 60 a\u00f1os, o que cuenten con enfermedades preexistentes. Los vecinos pueden anotarse a trav\u00e9s de https:\/\/vacunatepba.gba.gob.ar\/vacunate, p\u00e1gina que puede sufrir algunas demoras o no funcionar correctamente debido a la gran demanda.<\/p>\n\n\n\n<p>All\u00ed podr\u00e1n cargar sus datos, recibiendo posteriormente un mail o un mensaje de WhatsApp con la confirmaci\u00f3n y un turno con fecha y lugar para recibir la tan esperada vacuna.<\/p>\n\n\n\n<p>Fuente: <a href=\"https:\/\/www.campananoticias.com\/noticia\/65372\/la-vacuna-contra-el-covid-19-ya-est-en-campana\">Campana Noticias<\/a><\/p>\n","protected":false},"excerpt":{"rendered":"<p>Desde el Ministerio de Salud bonaerense hicieron entrega de las primeras 450 dosis al Hospital Municipal San Jos\u00e9, donde se comenzar\u00e1 con la aplicaci\u00f3n al personal de salud. Mientras tanto, contin\u00faa la inscripci\u00f3n general para el operativo Vacunate! Que llevar\u00e1 a cabo la Provincia. Luego del contratiempo a causa del faltante de un sistema de [&hellip;]<\/p>\n","protected":false},"author":4,"featured_media":85566,"comment_status":"open","ping_status":"closed","sticky":false,"template":"","format":"standard","meta":{"om_disable_all_campaigns":false,"_jetpack_memberships_contains_paid_content":false,"footnotes":""},"categories":[621],"tags":[197,686,681],"class_list":["post-85565","post","type-post","status-publish","format-standard","has-post-thumbnail","hentry","category-regionales","tag-buenos-aires","tag-campana-2","tag-regionales"],"aioseo_notices":[],"gutentor_comment":0,"jetpack_featured_media_url":"https:\/\/eldiariodesanpedro.com.ar\/sitio\/wp-content\/uploads\/2021\/01\/20210107034644.jpg","jetpack_shortlink":"https:\/\/wp.me\/p6RhLt-mg5","jetpack_sharing_enabled":true,"_links":{"self":[{"href":"https:\/\/eldiariodesanpedro.com.ar\/sitio\/wp-json\/wp\/v2\/posts\/85565","targetHints":{"allow":["GET"]}}],"collection":[{"href":"https:\/\/eldiariodesanpedro.com.ar\/sitio\/wp-json\/wp\/v2\/posts"}],"about":[{"href":"https:\/\/eldiariodesanpedro.com.ar\/sitio\/wp-json\/wp\/v2\/types\/post"}],"author":[{"embeddable":true,"href":"https:\/\/eldiariodesanpedro.com.ar\/sitio\/wp-json\/wp\/v2\/users\/4"}],"replies":[{"embeddable":true,"href":"https:\/\/eldiariodesanpedro.com.ar\/sitio\/wp-json\/wp\/v2\/comments?post=85565"}],"version-history":[{"count":1,"href":"https:\/\/eldiariodesanpedro.com.ar\/sitio\/wp-json\/wp\/v2\/posts\/85565\/revisions"}],"predecessor-version":[{"id":85567,"href":"https:\/\/eldiariodesanpedro.com.ar\/sitio\/wp-json\/wp\/v2\/posts\/85565\/revisions\/85567"}],"wp:featuredmedia":[{"embeddable":true,"href":"https:\/\/eldiariodesanpedro.com.ar\/sitio\/wp-json\/wp\/v2\/media\/85566"}],"wp:attachment":[{"href":"https:\/\/eldiariodesanpedro.com.ar\/sitio\/wp-json\/wp\/v2\/media?parent=85565"}],"wp:term":[{"taxonomy":"category","embeddable":true,"href":"https:\/\/eldiariodesanpedro.com.ar\/sitio\/wp-json\/wp\/v2\/categories?post=85565"},{"taxonomy":"post_tag","embeddable":true,"href":"https:\/\/eldiariodesanpedro.com.ar\/sitio\/wp-json\/wp\/v2\/tags?post=85565"}],"curies":[{"name":"wp","href":"https:\/\/api.w.org\/{rel}","templated":true}]}}