{"id":85475,"date":"2021-01-06T12:02:22","date_gmt":"2021-01-06T15:02:22","guid":{"rendered":"https:\/\/eldiariodesanpedro.com.ar\/sitio\/?p=85475"},"modified":"2021-01-06T12:02:25","modified_gmt":"2021-01-06T15:02:25","slug":"se-secuestraron-dos-plantas-de-marihuana","status":"publish","type":"post","link":"https:\/\/eldiariodesanpedro.com.ar\/sitio\/se-secuestraron-dos-plantas-de-marihuana\/","title":{"rendered":"Se secuestraron dos plantas de marihuana"},"content":{"rendered":"<!-- VideographyWP Plugin Message: Automatic video embedding prevented by plugin options. -->\n\n<p>En la tarde de ayer el personal del gabinete criminol\u00f3gico de la comisar\u00eda diligenci\u00f3 dos \u00f3rdenes de allanamiento extendidas por la justicia ordinaria en el marco de un hecho de hurto que investiga la justicia local, denunciado el lunes pasado en perjuicio de un domicilio de calle Molina de esta ciudad.<\/p>\n\n\n\n<p>En uno de los objetivos m\u00e1s precisamente calle molina 695 donde se secuestr\u00f3 dos plantas de marihuana y elementos de inter\u00e9s para la causa judicial all\u00ed el morador de 21 a\u00f1os de edad, fue notificado de la formaci\u00f3n de la causa judicial, mientras que en otro objetivo de calle Basavilbaso N\u00ba 140 arroj\u00f3 resultado negativo para con secuestro, como as\u00ed el morador estaba ausente.\u00a0\u00a0<\/p>\n","protected":false},"excerpt":{"rendered":"<p>En la tarde de ayer el personal del gabinete criminol\u00f3gico de la comisar\u00eda diligenci\u00f3 dos \u00f3rdenes de allanamiento extendidas por la justicia ordinaria en el marco de un hecho de hurto que investiga la justicia local, denunciado el lunes pasado en perjuicio de un domicilio de calle Molina de esta ciudad. En uno de los [&hellip;]<\/p>\n","protected":false},"author":4,"featured_media":85461,"comment_status":"open","ping_status":"closed","sticky":false,"template":"","format":"standard","meta":{"om_disable_all_campaigns":false,"_jetpack_memberships_contains_paid_content":false,"footnotes":""},"categories":[2,103],"tags":[],"class_list":["post-85475","post","type-post","status-publish","format-standard","has-post-thumbnail","hentry","category-locales","category-policiales-locales"],"aioseo_notices":[],"gutentor_comment":0,"jetpack_featured_media_url":"https:\/\/eldiariodesanpedro.com.ar\/sitio\/wp-content\/uploads\/2021\/01\/IMG-20210106-WA0003.jpg","jetpack_shortlink":"https:\/\/wp.me\/p6RhLt-meD","jetpack_sharing_enabled":true,"_links":{"self":[{"href":"https:\/\/eldiariodesanpedro.com.ar\/sitio\/wp-json\/wp\/v2\/posts\/85475","targetHints":{"allow":["GET"]}}],"collection":[{"href":"https:\/\/eldiariodesanpedro.com.ar\/sitio\/wp-json\/wp\/v2\/posts"}],"about":[{"href":"https:\/\/eldiariodesanpedro.com.ar\/sitio\/wp-json\/wp\/v2\/types\/post"}],"author":[{"embeddable":true,"href":"https:\/\/eldiariodesanpedro.com.ar\/sitio\/wp-json\/wp\/v2\/users\/4"}],"replies":[{"embeddable":true,"href":"https:\/\/eldiariodesanpedro.com.ar\/sitio\/wp-json\/wp\/v2\/comments?post=85475"}],"version-history":[{"count":1,"href":"https:\/\/eldiariodesanpedro.com.ar\/sitio\/wp-json\/wp\/v2\/posts\/85475\/revisions"}],"predecessor-version":[{"id":85476,"href":"https:\/\/eldiariodesanpedro.com.ar\/sitio\/wp-json\/wp\/v2\/posts\/85475\/revisions\/85476"}],"wp:featuredmedia":[{"embeddable":true,"href":"https:\/\/eldiariodesanpedro.com.ar\/sitio\/wp-json\/wp\/v2\/media\/85461"}],"wp:attachment":[{"href":"https:\/\/eldiariodesanpedro.com.ar\/sitio\/wp-json\/wp\/v2\/media?parent=85475"}],"wp:term":[{"taxonomy":"category","embeddable":true,"href":"https:\/\/eldiariodesanpedro.com.ar\/sitio\/wp-json\/wp\/v2\/categories?post=85475"},{"taxonomy":"post_tag","embeddable":true,"href":"https:\/\/eldiariodesanpedro.com.ar\/sitio\/wp-json\/wp\/v2\/tags?post=85475"}],"curies":[{"name":"wp","href":"https:\/\/api.w.org\/{rel}","templated":true}]}}