{"id":85473,"date":"2021-01-06T11:58:26","date_gmt":"2021-01-06T14:58:26","guid":{"rendered":"https:\/\/eldiariodesanpedro.com.ar\/sitio\/?p=85473"},"modified":"2021-01-06T11:58:27","modified_gmt":"2021-01-06T14:58:27","slug":"robaron-una-pelopincho-de-una-obre-en-construccion","status":"publish","type":"post","link":"https:\/\/eldiariodesanpedro.com.ar\/sitio\/robaron-una-pelopincho-de-una-obre-en-construccion\/","title":{"rendered":"Robaron una pelopincho de una obre en construcci\u00f3n"},"content":{"rendered":"<!-- VideographyWP Plugin Message: Automatic video embedding prevented by plugin options. -->\n\n<p>Este martes un ciudadano de 30 a\u00f1os realiz\u00f3 una denuncia que el d\u00eda lunes pasado se hace presente en obra en construcci\u00f3n ubicada en Beruti al 400, dando cuenta que autores ignorados ingresaron sin da\u00f1os sustrayendo del patio pileta de lona marca Pelopincho color azul de 4,40 cm de largo, 2,15 cm de ancho y 0,70 de altura. El domicilio en cuesti\u00f3n se encontraba sin ocupantes.\u00a0\u00a0<\/p>\n","protected":false},"excerpt":{"rendered":"<p>Este martes un ciudadano de 30 a\u00f1os realiz\u00f3 una denuncia que el d\u00eda lunes pasado se hace presente en obra en construcci\u00f3n ubicada en Beruti al 400, dando cuenta que autores ignorados ingresaron sin da\u00f1os sustrayendo del patio pileta de lona marca Pelopincho color azul de 4,40 cm de largo, 2,15 cm de ancho y [&hellip;]<\/p>\n","protected":false},"author":4,"featured_media":77860,"comment_status":"open","ping_status":"closed","sticky":false,"template":"","format":"standard","meta":{"om_disable_all_campaigns":false,"_jetpack_memberships_contains_paid_content":false,"footnotes":""},"categories":[2,103],"tags":[],"class_list":["post-85473","post","type-post","status-publish","format-standard","has-post-thumbnail","hentry","category-locales","category-policiales-locales"],"aioseo_notices":[],"gutentor_comment":0,"jetpack_featured_media_url":"https:\/\/eldiariodesanpedro.com.ar\/sitio\/wp-content\/uploads\/2020\/07\/000085506.jpg","jetpack_shortlink":"https:\/\/wp.me\/p6RhLt-meB","jetpack_sharing_enabled":true,"_links":{"self":[{"href":"https:\/\/eldiariodesanpedro.com.ar\/sitio\/wp-json\/wp\/v2\/posts\/85473","targetHints":{"allow":["GET"]}}],"collection":[{"href":"https:\/\/eldiariodesanpedro.com.ar\/sitio\/wp-json\/wp\/v2\/posts"}],"about":[{"href":"https:\/\/eldiariodesanpedro.com.ar\/sitio\/wp-json\/wp\/v2\/types\/post"}],"author":[{"embeddable":true,"href":"https:\/\/eldiariodesanpedro.com.ar\/sitio\/wp-json\/wp\/v2\/users\/4"}],"replies":[{"embeddable":true,"href":"https:\/\/eldiariodesanpedro.com.ar\/sitio\/wp-json\/wp\/v2\/comments?post=85473"}],"version-history":[{"count":1,"href":"https:\/\/eldiariodesanpedro.com.ar\/sitio\/wp-json\/wp\/v2\/posts\/85473\/revisions"}],"predecessor-version":[{"id":85474,"href":"https:\/\/eldiariodesanpedro.com.ar\/sitio\/wp-json\/wp\/v2\/posts\/85473\/revisions\/85474"}],"wp:featuredmedia":[{"embeddable":true,"href":"https:\/\/eldiariodesanpedro.com.ar\/sitio\/wp-json\/wp\/v2\/media\/77860"}],"wp:attachment":[{"href":"https:\/\/eldiariodesanpedro.com.ar\/sitio\/wp-json\/wp\/v2\/media?parent=85473"}],"wp:term":[{"taxonomy":"category","embeddable":true,"href":"https:\/\/eldiariodesanpedro.com.ar\/sitio\/wp-json\/wp\/v2\/categories?post=85473"},{"taxonomy":"post_tag","embeddable":true,"href":"https:\/\/eldiariodesanpedro.com.ar\/sitio\/wp-json\/wp\/v2\/tags?post=85473"}],"curies":[{"name":"wp","href":"https:\/\/api.w.org\/{rel}","templated":true}]}}