{"id":85469,"date":"2021-01-06T11:29:07","date_gmt":"2021-01-06T14:29:07","guid":{"rendered":"https:\/\/eldiariodesanpedro.com.ar\/sitio\/?p=85469"},"modified":"2021-01-06T11:29:08","modified_gmt":"2021-01-06T14:29:08","slug":"festejaba-su-cumpleanos-con-disparos-al-aire-como-fue-denunciado-por-su-vecina-le-prendio-fuego-una-pileta-con-una-molotov-2","status":"publish","type":"post","link":"https:\/\/eldiariodesanpedro.com.ar\/sitio\/festejaba-su-cumpleanos-con-disparos-al-aire-como-fue-denunciado-por-su-vecina-le-prendio-fuego-una-pileta-con-una-molotov-2\/","title":{"rendered":"Festejaba su cumplea\u00f1os con disparos al aire, como fue denunciado por su vecina le prendi\u00f3 fuego una pileta con una molotov"},"content":{"rendered":"<!-- VideographyWP Plugin Message: Automatic video embedding prevented by plugin options. -->\n\n<p>En la madrugada de este martes promediando las 02 hs la polic\u00eda de la comisar\u00eda acude calle&nbsp; Maino entre Salta y Pellegrini donde un grupo de personas se encontraban en un enfrentamiento armado, en un r\u00e1pido proceder se aprehende a un sujeto masculino de 42 a\u00f1os de edad, a quien se le secuestr\u00f3 un pistol\u00f3n calibre 16 y m\u00faltiples cartuchos y vainas servidas.&nbsp;<\/p>\n\n\n\n<p>La alerta la dio el vecindario que sorprendidos por el accionar del aprehendido quien disparaba el arma de fuego mientras refer\u00eda que festejaba su cumplea\u00f1os.&nbsp;<\/p>\n\n\n\n<p>Enojado al ser advertido por vecinos el sujeto armado, arroj\u00f3 una botella con combustible (Molotov) encendida sobre la vivienda de una vecina quem\u00e1ndole una pileta de lona.&nbsp;<\/p>\n\n\n\n<p>Si bien el foco \u00edgneo fue sofocado por la misma moradora, produjo da\u00f1os que fueron denunciados por esta mujer de 33 a\u00f1os que reside sobre calle salta.\u00a0El delincuente permanece alojado en sede policial a disposici\u00f3n de la justicia ordinaria imputado de ambos delitos.<\/p>\n\n\n\n<figure class=\"wp-block-image size-large\"><img decoding=\"async\" width=\"1024\" height=\"576\" data-attachment-id=\"85465\" data-permalink=\"https:\/\/eldiariodesanpedro.com.ar\/sitio\/img-20210106-wa0008-3\/\" data-orig-file=\"https:\/\/eldiariodesanpedro.com.ar\/sitio\/wp-content\/uploads\/2021\/01\/IMG-20210106-WA0008-edited-1.jpg\" data-orig-size=\"1280,720\" data-comments-opened=\"1\" data-image-meta=\"{&quot;aperture&quot;:&quot;0&quot;,&quot;credit&quot;:&quot;&quot;,&quot;camera&quot;:&quot;&quot;,&quot;caption&quot;:&quot;&quot;,&quot;created_timestamp&quot;:&quot;0&quot;,&quot;copyright&quot;:&quot;&quot;,&quot;focal_length&quot;:&quot;0&quot;,&quot;iso&quot;:&quot;0&quot;,&quot;shutter_speed&quot;:&quot;0&quot;,&quot;title&quot;:&quot;&quot;,&quot;orientation&quot;:&quot;0&quot;}\" data-image-title=\"IMG-20210106-WA0008\" data-image-description=\"\" data-image-caption=\"\" data-large-file=\"https:\/\/eldiariodesanpedro.com.ar\/sitio\/wp-content\/uploads\/2021\/01\/IMG-20210106-WA0008-edited-1-1024x576.jpg\" data-src=\"https:\/\/eldiariodesanpedro.com.ar\/sitio\/wp-content\/uploads\/2021\/01\/IMG-20210106-WA0008-edited-1-1024x576.jpg\" alt=\"\" class=\"wp-image-85465 lazyload\" data-srcset=\"https:\/\/eldiariodesanpedro.com.ar\/sitio\/wp-content\/uploads\/2021\/01\/IMG-20210106-WA0008-edited-1-1024x576.jpg 1024w, https:\/\/eldiariodesanpedro.com.ar\/sitio\/wp-content\/uploads\/2021\/01\/IMG-20210106-WA0008-edited-1-300x169.jpg 300w, https:\/\/eldiariodesanpedro.com.ar\/sitio\/wp-content\/uploads\/2021\/01\/IMG-20210106-WA0008-edited-1-768x432.jpg 768w, https:\/\/eldiariodesanpedro.com.ar\/sitio\/wp-content\/uploads\/2021\/01\/IMG-20210106-WA0008-edited-1-800x450.jpg 800w, https:\/\/eldiariodesanpedro.com.ar\/sitio\/wp-content\/uploads\/2021\/01\/IMG-20210106-WA0008-edited-1.jpg 1280w\" data-sizes=\"(max-width: 1024px) 100vw, 1024px\" src=\"data:image\/svg+xml;base64,PHN2ZyB3aWR0aD0iMSIgaGVpZ2h0PSIxIiB4bWxucz0iaHR0cDovL3d3dy53My5vcmcvMjAwMC9zdmciPjwvc3ZnPg==\" style=\"--smush-placeholder-width: 1024px; --smush-placeholder-aspect-ratio: 1024\/576;\" \/><\/figure>\n\n\n\n<figure class=\"wp-block-image size-large\"><img decoding=\"async\" width=\"834\" height=\"768\" data-attachment-id=\"85460\" data-permalink=\"https:\/\/eldiariodesanpedro.com.ar\/sitio\/img-20210106-wa0004\/\" data-orig-file=\"https:\/\/eldiariodesanpedro.com.ar\/sitio\/wp-content\/uploads\/2021\/01\/IMG-20210106-WA0004.jpg\" data-orig-size=\"834,768\" data-comments-opened=\"1\" data-image-meta=\"{&quot;aperture&quot;:&quot;0&quot;,&quot;credit&quot;:&quot;&quot;,&quot;camera&quot;:&quot;&quot;,&quot;caption&quot;:&quot;&quot;,&quot;created_timestamp&quot;:&quot;0&quot;,&quot;copyright&quot;:&quot;&quot;,&quot;focal_length&quot;:&quot;0&quot;,&quot;iso&quot;:&quot;0&quot;,&quot;shutter_speed&quot;:&quot;0&quot;,&quot;title&quot;:&quot;&quot;,&quot;orientation&quot;:&quot;0&quot;}\" data-image-title=\"IMG-20210106-WA0004\" data-image-description=\"\" data-image-caption=\"\" data-large-file=\"https:\/\/eldiariodesanpedro.com.ar\/sitio\/wp-content\/uploads\/2021\/01\/IMG-20210106-WA0004.jpg\" data-src=\"https:\/\/eldiariodesanpedro.com.ar\/sitio\/wp-content\/uploads\/2021\/01\/IMG-20210106-WA0004.jpg\" alt=\"\" class=\"wp-image-85460 lazyload\" data-srcset=\"https:\/\/eldiariodesanpedro.com.ar\/sitio\/wp-content\/uploads\/2021\/01\/IMG-20210106-WA0004.jpg 834w, https:\/\/eldiariodesanpedro.com.ar\/sitio\/wp-content\/uploads\/2021\/01\/IMG-20210106-WA0004-300x276.jpg 300w, https:\/\/eldiariodesanpedro.com.ar\/sitio\/wp-content\/uploads\/2021\/01\/IMG-20210106-WA0004-768x707.jpg 768w\" data-sizes=\"(max-width: 834px) 100vw, 834px\" src=\"data:image\/svg+xml;base64,PHN2ZyB3aWR0aD0iMSIgaGVpZ2h0PSIxIiB4bWxucz0iaHR0cDovL3d3dy53My5vcmcvMjAwMC9zdmciPjwvc3ZnPg==\" style=\"--smush-placeholder-width: 834px; --smush-placeholder-aspect-ratio: 834\/768;\" \/><\/figure>\n","protected":false},"excerpt":{"rendered":"<p>En la madrugada de este martes promediando las 02 hs la polic\u00eda de la comisar\u00eda acude calle&nbsp; Maino entre Salta y Pellegrini donde un grupo de personas se encontraban en un enfrentamiento armado, en un r\u00e1pido proceder se aprehende a un sujeto masculino de 42 a\u00f1os de edad, a quien se le secuestr\u00f3 un pistol\u00f3n [&hellip;]<\/p>\n","protected":false},"author":4,"featured_media":85459,"comment_status":"open","ping_status":"closed","sticky":false,"template":"","format":"standard","meta":{"om_disable_all_campaigns":false,"_jetpack_memberships_contains_paid_content":false,"footnotes":""},"categories":[50,2,103],"tags":[],"class_list":["post-85469","post","type-post","status-publish","format-standard","has-post-thumbnail","hentry","category-destacadas","category-locales","category-policiales-locales"],"aioseo_notices":[],"gutentor_comment":0,"jetpack_featured_media_url":"https:\/\/eldiariodesanpedro.com.ar\/sitio\/wp-content\/uploads\/2021\/01\/IMG-20210106-WA0005.jpg","jetpack_shortlink":"https:\/\/wp.me\/p6RhLt-mex","jetpack_sharing_enabled":true,"_links":{"self":[{"href":"https:\/\/eldiariodesanpedro.com.ar\/sitio\/wp-json\/wp\/v2\/posts\/85469","targetHints":{"allow":["GET"]}}],"collection":[{"href":"https:\/\/eldiariodesanpedro.com.ar\/sitio\/wp-json\/wp\/v2\/posts"}],"about":[{"href":"https:\/\/eldiariodesanpedro.com.ar\/sitio\/wp-json\/wp\/v2\/types\/post"}],"author":[{"embeddable":true,"href":"https:\/\/eldiariodesanpedro.com.ar\/sitio\/wp-json\/wp\/v2\/users\/4"}],"replies":[{"embeddable":true,"href":"https:\/\/eldiariodesanpedro.com.ar\/sitio\/wp-json\/wp\/v2\/comments?post=85469"}],"version-history":[{"count":1,"href":"https:\/\/eldiariodesanpedro.com.ar\/sitio\/wp-json\/wp\/v2\/posts\/85469\/revisions"}],"predecessor-version":[{"id":85470,"href":"https:\/\/eldiariodesanpedro.com.ar\/sitio\/wp-json\/wp\/v2\/posts\/85469\/revisions\/85470"}],"wp:featuredmedia":[{"embeddable":true,"href":"https:\/\/eldiariodesanpedro.com.ar\/sitio\/wp-json\/wp\/v2\/media\/85459"}],"wp:attachment":[{"href":"https:\/\/eldiariodesanpedro.com.ar\/sitio\/wp-json\/wp\/v2\/media?parent=85469"}],"wp:term":[{"taxonomy":"category","embeddable":true,"href":"https:\/\/eldiariodesanpedro.com.ar\/sitio\/wp-json\/wp\/v2\/categories?post=85469"},{"taxonomy":"post_tag","embeddable":true,"href":"https:\/\/eldiariodesanpedro.com.ar\/sitio\/wp-json\/wp\/v2\/tags?post=85469"}],"curies":[{"name":"wp","href":"https:\/\/api.w.org\/{rel}","templated":true}]}}