{"id":85457,"date":"2021-01-06T11:07:28","date_gmt":"2021-01-06T14:07:28","guid":{"rendered":"https:\/\/eldiariodesanpedro.com.ar\/sitio\/?p=85457"},"modified":"2021-01-06T11:07:32","modified_gmt":"2021-01-06T14:07:32","slug":"un-joven-fue-herido-de-gravedad-por-un-disparo-por-un-vecino-y-su-hijo-de-15-anos-su-estado-es-delicado","status":"publish","type":"post","link":"https:\/\/eldiariodesanpedro.com.ar\/sitio\/un-joven-fue-herido-de-gravedad-por-un-disparo-por-un-vecino-y-su-hijo-de-15-anos-su-estado-es-delicado\/","title":{"rendered":"Un joven fue herido de gravedad por un disparo por un vecino y su hijo de 15 a\u00f1os, su estado es delicado"},"content":{"rendered":"<!-- VideographyWP Plugin Message: Automatic video embedding prevented by plugin options. -->\n\n<p>Este martes la polic\u00eda de nuestra ciudad es informada por un hecho de abuso de arma en una vivienda ubicada en calle Alvardo donde un joven result\u00f3 gravemente herido y su estado es reservado.<\/p>\n\n\n\n<p>Este martes alrededor de las 13 hs en una vivienda ubicada en calle Alvarado al 1300 se hace presente una patrulla de la comisar\u00eda local debido a un llamado telef\u00f3nico que denuncia que una persona habr\u00eda sufrido una herida de disparo de arma de fuego; por lo que se establece que la v\u00edctima es un joven de 25 a\u00f1os de edad quien presentaba sangrado en la zona abdominal.<\/p>\n\n\n\n<p>Seg\u00fan los primeros testimonios dan cuenta&nbsp; instantes antes un vecino, que ingresa por los patios efect\u00faa dispar\u00f3 contra la v\u00edctima, por problemas vecinales hiriendolo gravemente.&nbsp;<\/p>\n\n\n\n<p>En un r\u00e1pido proceder de los efectivos en Alvarado y Manuel Iglesias, se aprehende al sindicado como autor hecho masculino 35 a\u00f1os y secuestro de rifle aire comprimido calibre 22 5.5, como as\u00ed se aprehendi\u00f3 al hijo del imputado otro masculino 15 a\u00f1os con arma casera \u201ctumbera\u201d incompleta que podr\u00eda ser la que hiri\u00f3 a la v\u00edctima.&nbsp;<\/p>\n\n\n\n<p>La v\u00edctima fue trasladada al hospital Emilio Ruffa por el servicio del SAME a fines asistencia donde fue intervenido quir\u00fargicamente ya que el disparo recibi\u00f3 da\u00f1o el h\u00edgado de la v\u00edctima, permaneciendo internado con pron\u00f3stico reservado.\u00a0En el hecho interviene la justicia ordinaria mientras el aprehendido mayor permanece alojado en sede policial, mientras el menor fue entregado a sus responsables.<\/p>\n\n\n\n<figure class=\"wp-block-image size-large\"><img decoding=\"async\" width=\"1024\" height=\"768\" data-attachment-id=\"85463\" data-permalink=\"https:\/\/eldiariodesanpedro.com.ar\/sitio\/img-20210106-wa0007\/\" data-orig-file=\"https:\/\/eldiariodesanpedro.com.ar\/sitio\/wp-content\/uploads\/2021\/01\/IMG-20210106-WA0007.jpg\" data-orig-size=\"1024,768\" data-comments-opened=\"1\" data-image-meta=\"{&quot;aperture&quot;:&quot;0&quot;,&quot;credit&quot;:&quot;&quot;,&quot;camera&quot;:&quot;&quot;,&quot;caption&quot;:&quot;&quot;,&quot;created_timestamp&quot;:&quot;0&quot;,&quot;copyright&quot;:&quot;&quot;,&quot;focal_length&quot;:&quot;0&quot;,&quot;iso&quot;:&quot;0&quot;,&quot;shutter_speed&quot;:&quot;0&quot;,&quot;title&quot;:&quot;&quot;,&quot;orientation&quot;:&quot;0&quot;}\" data-image-title=\"IMG-20210106-WA0007\" data-image-description=\"\" data-image-caption=\"\" data-large-file=\"https:\/\/eldiariodesanpedro.com.ar\/sitio\/wp-content\/uploads\/2021\/01\/IMG-20210106-WA0007.jpg\" data-src=\"https:\/\/eldiariodesanpedro.com.ar\/sitio\/wp-content\/uploads\/2021\/01\/IMG-20210106-WA0007.jpg\" alt=\"\" class=\"wp-image-85463 lazyload\" data-srcset=\"https:\/\/eldiariodesanpedro.com.ar\/sitio\/wp-content\/uploads\/2021\/01\/IMG-20210106-WA0007.jpg 1024w, https:\/\/eldiariodesanpedro.com.ar\/sitio\/wp-content\/uploads\/2021\/01\/IMG-20210106-WA0007-300x225.jpg 300w, https:\/\/eldiariodesanpedro.com.ar\/sitio\/wp-content\/uploads\/2021\/01\/IMG-20210106-WA0007-768x576.jpg 768w, https:\/\/eldiariodesanpedro.com.ar\/sitio\/wp-content\/uploads\/2021\/01\/IMG-20210106-WA0007-500x375.jpg 500w\" data-sizes=\"(max-width: 1024px) 100vw, 1024px\" src=\"data:image\/svg+xml;base64,PHN2ZyB3aWR0aD0iMSIgaGVpZ2h0PSIxIiB4bWxucz0iaHR0cDovL3d3dy53My5vcmcvMjAwMC9zdmciPjwvc3ZnPg==\" style=\"--smush-placeholder-width: 1024px; --smush-placeholder-aspect-ratio: 1024\/768;\" \/><\/figure>\n\n\n\n<figure class=\"wp-block-image size-large\"><img decoding=\"async\" width=\"1280\" height=\"720\" data-attachment-id=\"85465\" data-permalink=\"https:\/\/eldiariodesanpedro.com.ar\/sitio\/img-20210106-wa0008-3\/\" data-orig-file=\"https:\/\/eldiariodesanpedro.com.ar\/sitio\/wp-content\/uploads\/2021\/01\/IMG-20210106-WA0008-edited-1.jpg\" data-orig-size=\"1280,720\" data-comments-opened=\"1\" data-image-meta=\"{&quot;aperture&quot;:&quot;0&quot;,&quot;credit&quot;:&quot;&quot;,&quot;camera&quot;:&quot;&quot;,&quot;caption&quot;:&quot;&quot;,&quot;created_timestamp&quot;:&quot;0&quot;,&quot;copyright&quot;:&quot;&quot;,&quot;focal_length&quot;:&quot;0&quot;,&quot;iso&quot;:&quot;0&quot;,&quot;shutter_speed&quot;:&quot;0&quot;,&quot;title&quot;:&quot;&quot;,&quot;orientation&quot;:&quot;0&quot;}\" data-image-title=\"IMG-20210106-WA0008\" data-image-description=\"\" data-image-caption=\"\" data-large-file=\"https:\/\/eldiariodesanpedro.com.ar\/sitio\/wp-content\/uploads\/2021\/01\/IMG-20210106-WA0008-edited-1-1024x576.jpg\" data-src=\"https:\/\/eldiariodesanpedro.com.ar\/sitio\/wp-content\/uploads\/2021\/01\/IMG-20210106-WA0008-edited-1.jpg\" alt=\"\" class=\"wp-image-85465 lazyload\" data-srcset=\"https:\/\/eldiariodesanpedro.com.ar\/sitio\/wp-content\/uploads\/2021\/01\/IMG-20210106-WA0008-edited-1.jpg 1280w, https:\/\/eldiariodesanpedro.com.ar\/sitio\/wp-content\/uploads\/2021\/01\/IMG-20210106-WA0008-edited-1-300x169.jpg 300w, https:\/\/eldiariodesanpedro.com.ar\/sitio\/wp-content\/uploads\/2021\/01\/IMG-20210106-WA0008-edited-1-1024x576.jpg 1024w, https:\/\/eldiariodesanpedro.com.ar\/sitio\/wp-content\/uploads\/2021\/01\/IMG-20210106-WA0008-edited-1-768x432.jpg 768w, https:\/\/eldiariodesanpedro.com.ar\/sitio\/wp-content\/uploads\/2021\/01\/IMG-20210106-WA0008-edited-1-800x450.jpg 800w\" data-sizes=\"(max-width: 1280px) 100vw, 1280px\" src=\"data:image\/svg+xml;base64,PHN2ZyB3aWR0aD0iMSIgaGVpZ2h0PSIxIiB4bWxucz0iaHR0cDovL3d3dy53My5vcmcvMjAwMC9zdmciPjwvc3ZnPg==\" style=\"--smush-placeholder-width: 1280px; --smush-placeholder-aspect-ratio: 1280\/720;\" \/><\/figure>\n","protected":false},"excerpt":{"rendered":"<p>Este martes la polic\u00eda de nuestra ciudad es informada por un hecho de abuso de arma en una vivienda ubicada en calle Alvardo donde un joven result\u00f3 gravemente herido y su estado es reservado. Este martes alrededor de las 13 hs en una vivienda ubicada en calle Alvarado al 1300 se hace presente una patrulla [&hellip;]<\/p>\n","protected":false},"author":4,"featured_media":85458,"comment_status":"open","ping_status":"closed","sticky":false,"template":"","format":"standard","meta":{"om_disable_all_campaigns":false,"_jetpack_memberships_contains_paid_content":false,"footnotes":""},"categories":[50,2,103],"tags":[],"class_list":["post-85457","post","type-post","status-publish","format-standard","has-post-thumbnail","hentry","category-destacadas","category-locales","category-policiales-locales"],"aioseo_notices":[],"gutentor_comment":0,"jetpack_featured_media_url":"https:\/\/eldiariodesanpedro.com.ar\/sitio\/wp-content\/uploads\/2021\/01\/IMG-20210106-WA0006.jpg","jetpack_shortlink":"https:\/\/wp.me\/p6RhLt-mel","jetpack_sharing_enabled":true,"_links":{"self":[{"href":"https:\/\/eldiariodesanpedro.com.ar\/sitio\/wp-json\/wp\/v2\/posts\/85457","targetHints":{"allow":["GET"]}}],"collection":[{"href":"https:\/\/eldiariodesanpedro.com.ar\/sitio\/wp-json\/wp\/v2\/posts"}],"about":[{"href":"https:\/\/eldiariodesanpedro.com.ar\/sitio\/wp-json\/wp\/v2\/types\/post"}],"author":[{"embeddable":true,"href":"https:\/\/eldiariodesanpedro.com.ar\/sitio\/wp-json\/wp\/v2\/users\/4"}],"replies":[{"embeddable":true,"href":"https:\/\/eldiariodesanpedro.com.ar\/sitio\/wp-json\/wp\/v2\/comments?post=85457"}],"version-history":[{"count":1,"href":"https:\/\/eldiariodesanpedro.com.ar\/sitio\/wp-json\/wp\/v2\/posts\/85457\/revisions"}],"predecessor-version":[{"id":85466,"href":"https:\/\/eldiariodesanpedro.com.ar\/sitio\/wp-json\/wp\/v2\/posts\/85457\/revisions\/85466"}],"wp:featuredmedia":[{"embeddable":true,"href":"https:\/\/eldiariodesanpedro.com.ar\/sitio\/wp-json\/wp\/v2\/media\/85458"}],"wp:attachment":[{"href":"https:\/\/eldiariodesanpedro.com.ar\/sitio\/wp-json\/wp\/v2\/media?parent=85457"}],"wp:term":[{"taxonomy":"category","embeddable":true,"href":"https:\/\/eldiariodesanpedro.com.ar\/sitio\/wp-json\/wp\/v2\/categories?post=85457"},{"taxonomy":"post_tag","embeddable":true,"href":"https:\/\/eldiariodesanpedro.com.ar\/sitio\/wp-json\/wp\/v2\/tags?post=85457"}],"curies":[{"name":"wp","href":"https:\/\/api.w.org\/{rel}","templated":true}]}}