{"id":85453,"date":"2021-01-06T10:40:18","date_gmt":"2021-01-06T13:40:18","guid":{"rendered":"https:\/\/eldiariodesanpedro.com.ar\/sitio\/?p=85453"},"modified":"2021-01-06T10:40:23","modified_gmt":"2021-01-06T13:40:23","slug":"el-padre-jorge-fue-apartado-por-el-obispado-de-san-nicolas-denunciado-de-abuso-sexual-simple","status":"publish","type":"post","link":"https:\/\/eldiariodesanpedro.com.ar\/sitio\/el-padre-jorge-fue-apartado-por-el-obispado-de-san-nicolas-denunciado-de-abuso-sexual-simple\/","title":{"rendered":"El Padre Jorge fue apartado por el  Obispado de San Nicol\u00e1s denunciado de abuso sexual simple"},"content":{"rendered":"<!-- VideographyWP Plugin Message: Automatic video embedding prevented by plugin options. -->\n\n<p>El cura p\u00e1rroco de P\u00e9rez Mill\u00e1n, tambi\u00e9n a cargo de las capillas e iglesias de Santa Luc\u00eda, Pueblo Doyle y La Violeta, fue denunciado por una persona mayor de edad en la Ayudant\u00eda Fiscal de Ramallo. El Obispado de San Nicol\u00e1s lo apart\u00f3 del cargo mientras se aguardan novedades judiciales. Contreras lleg\u00f3 a P\u00e9rez Mill\u00e1n para reemplazar al p\u00e1rroco Juan Enrique Ant\u00f3n, quien tambi\u00e9n fuera separado del cargo por abusos sexuales reiterados, en este caso contra menores y mayores de edad, aunque la causa fue luego archivada por la Justicia.<\/p>\n\n\n\n<p>Nuevamente la Iglesia Cat\u00f3lica se encuentra en el centro de la pol\u00e9mica luego que uno de sus curas p\u00e1rrocos, en este caso el \u201cPadre Jorge\u201d, cura p\u00e1rroco de P\u00e9rez Mill\u00e1n, fuera denunciado por \u201cAbuso sexual simple\u201d y posteriormente separado de la parroquia del pueblo por el Obispado de San Nicol\u00e1s.<\/p>\n\n\n\n<p>El sacerdote Jorge Salinas ten\u00eda tambi\u00e9n a cargo las capillas\/iglesias de Santa Luc\u00eda, Pueblo Doyle y La Violeta, y fue separado luego que una persona mayor de edad lo denunciara penalmente ante la Ayudant\u00eda Fiscal de Ramallo.<\/p>\n\n\n\n<p>En un comunicado, el Obispado de San Nicol\u00e1s de los Arroyos, confirm\u00f3 que recibi\u00f3 la denuncia contra el cura el pasado 30 de diciembre y \u00abdispuso la separaci\u00f3n del Presb\u00edtero Jorge Alberto Salinas Contreras como cura P\u00e1rroco de la Parroquia San Carlos de la localidad de P\u00e9rez Mill\u00e1n y de las comunidades por \u00e9l atendidas. Asimismo tambi\u00e9n dispuso por decreto episcopal efectuar la investigaci\u00f3n penal can\u00f3nica correspondiente conforme a la normativa vigente en la iglesia\u00bb.&nbsp;<\/p>\n\n\n\n<p>Cabe recordar que el p\u00e1rroco Jorge Salinas reemplaz\u00f3 al sacerdote Juan Enrique Ant\u00f3n, quien fuera destituido tras ser acusado por \u00ababuso sexual de menores y de m\u00faltiples acosos sexuales\u00bb.&nbsp;<\/p>\n\n\n\n<p>Ant\u00f3n hab\u00eda sido separado de su cargo en la parroquia de P\u00e9rez Millan en 2014, tras la denuncia realizada por los directivos de la Escuela N\u00ba16 de la localidad. La denuncia fue realizada luego que docentes escucharan la discusi\u00f3n de dos nenas de 10 y 13 a\u00f1os. \u00abEn medio de uno de los recreos se pelean estas chicas por una mochila y le dice una a la otra: \u2018Vos c\u00e1llate la boca que te acost\u00e1s con el padre Juanchi\u2019. Y la otra le contesta: \u2018Callate que vos tambi\u00e9n te acost\u00e1s y dorm\u00eds con \u00e9l\u2019\u00bb, declaraba por entonces Hugo Giacomelli, gerente de la Cooperativa de Servicios de P\u00e9rez Millan.<\/p>\n\n\n\n<p>En ese caso, pese a los testimonios y denuncias,&nbsp;<a href=\"https:\/\/www.visionregional.com.ar\/noticia\/archivaron-causa-por-abuso-contra-parroco-de-perez-millan-1434472917.html\" target=\"_blank\" rel=\"noreferrer noopener\">la causa fue archivada<\/a>: \u00abDefinitivamente la Fiscal\u00eda del doctor Jorge Leveratto decidi\u00f3 terminar con la investigaci\u00f3n y ordenar el archivo del caso por falta de elementos\u00bb, explic\u00f3 el abogado defensor&nbsp;ramallense Miguel&nbsp;Romano, quien&nbsp;cuestion\u00f3: \u00abSe archivaron todas las actuaciones. Nunca estuvo procesado el padre Juanchi porque nunca hubo prueba para avanzar, no estuvo procesado en la causa\u00bb.<\/p>\n\n\n\n<p>\u00abGracias a Dios todo pas\u00f3\u00bb, expres\u00f3 el letrado y revel\u00f3: \u00abLe recomend\u00e9 rehacer su vida y no iniciar acciones por calumnias e injurias por todo lo que hablaron\u00bb.<\/p>\n\n\n\n<p>En el caso de la denuncia contra Contreras, a\u00fan no se conocen detalles del hecho en s\u00ed o si se trata o no de un caso aislado. Las pr\u00f3ximas horas ser\u00e1n claves para conocer si existen m\u00e1s v\u00edctimas.<\/p>\n\n\n\n<p>Fuente: Visi\u00f3n Regional<\/p>\n","protected":false},"excerpt":{"rendered":"<p>El cura p\u00e1rroco de P\u00e9rez Mill\u00e1n, tambi\u00e9n a cargo de las capillas e iglesias de Santa Luc\u00eda, Pueblo Doyle y La Violeta, fue denunciado por una persona mayor de edad en la Ayudant\u00eda Fiscal de Ramallo. El Obispado de San Nicol\u00e1s lo apart\u00f3 del cargo mientras se aguardan novedades judiciales. Contreras lleg\u00f3 a P\u00e9rez Mill\u00e1n [&hellip;]<\/p>\n","protected":false},"author":4,"featured_media":85454,"comment_status":"open","ping_status":"closed","sticky":false,"template":"","format":"standard","meta":{"om_disable_all_campaigns":false,"_jetpack_memberships_contains_paid_content":false,"footnotes":""},"categories":[50,101,2],"tags":[],"class_list":["post-85453","post","type-post","status-publish","format-standard","has-post-thumbnail","hentry","category-destacadas","category-interes-general-locales","category-locales"],"aioseo_notices":[],"gutentor_comment":0,"jetpack_featured_media_url":"https:\/\/eldiariodesanpedro.com.ar\/sitio\/wp-content\/uploads\/2021\/01\/Cura-Jorge-Salinas-Perez-Millan-acusado.jpg","jetpack_shortlink":"https:\/\/wp.me\/p6RhLt-meh","jetpack_sharing_enabled":true,"_links":{"self":[{"href":"https:\/\/eldiariodesanpedro.com.ar\/sitio\/wp-json\/wp\/v2\/posts\/85453","targetHints":{"allow":["GET"]}}],"collection":[{"href":"https:\/\/eldiariodesanpedro.com.ar\/sitio\/wp-json\/wp\/v2\/posts"}],"about":[{"href":"https:\/\/eldiariodesanpedro.com.ar\/sitio\/wp-json\/wp\/v2\/types\/post"}],"author":[{"embeddable":true,"href":"https:\/\/eldiariodesanpedro.com.ar\/sitio\/wp-json\/wp\/v2\/users\/4"}],"replies":[{"embeddable":true,"href":"https:\/\/eldiariodesanpedro.com.ar\/sitio\/wp-json\/wp\/v2\/comments?post=85453"}],"version-history":[{"count":1,"href":"https:\/\/eldiariodesanpedro.com.ar\/sitio\/wp-json\/wp\/v2\/posts\/85453\/revisions"}],"predecessor-version":[{"id":85455,"href":"https:\/\/eldiariodesanpedro.com.ar\/sitio\/wp-json\/wp\/v2\/posts\/85453\/revisions\/85455"}],"wp:featuredmedia":[{"embeddable":true,"href":"https:\/\/eldiariodesanpedro.com.ar\/sitio\/wp-json\/wp\/v2\/media\/85454"}],"wp:attachment":[{"href":"https:\/\/eldiariodesanpedro.com.ar\/sitio\/wp-json\/wp\/v2\/media?parent=85453"}],"wp:term":[{"taxonomy":"category","embeddable":true,"href":"https:\/\/eldiariodesanpedro.com.ar\/sitio\/wp-json\/wp\/v2\/categories?post=85453"},{"taxonomy":"post_tag","embeddable":true,"href":"https:\/\/eldiariodesanpedro.com.ar\/sitio\/wp-json\/wp\/v2\/tags?post=85453"}],"curies":[{"name":"wp","href":"https:\/\/api.w.org\/{rel}","templated":true}]}}