{"id":85448,"date":"2021-01-06T09:42:16","date_gmt":"2021-01-06T12:42:16","guid":{"rendered":"https:\/\/eldiariodesanpedro.com.ar\/sitio\/?p=85448"},"modified":"2021-01-06T09:42:19","modified_gmt":"2021-01-06T12:42:19","slug":"travel-dance-reanuda-los-viajes-de-egresados-a-san-carlos-de-bariloche","status":"publish","type":"post","link":"https:\/\/eldiariodesanpedro.com.ar\/sitio\/travel-dance-reanuda-los-viajes-de-egresados-a-san-carlos-de-bariloche\/","title":{"rendered":"Travel Dance reanuda los viajes de egresados a San Carlos de Bariloche"},"content":{"rendered":"<!-- VideographyWP Plugin Message: Automatic video embedding prevented by plugin options. -->\n\n<p>Con una fuerte inversi\u00f3n en protocolos sanitarios desde hoy mismo comienzan a viajar las distintas delegaciones que finalmente tendr\u00e1n su ansiado viaje de egresados.<\/p>\n\n\n\n<p>Despu\u00e9s de los contratiempos originados por la pandemia del Covid, la empresa l\u00edder en viajes estudiantiles, Travel Dance, reprogram\u00f3 todos los viajes y desde esta semana comienzan a viajar las primeras delegaciones a San Carlos de Bariloche.<\/p>\n\n\n\n<p>Javier Mu\u00f1oz, propietario de la empresa Travel Dance, habl\u00f3 en el aire de FM G\u00e9nesis y cont\u00f3 c\u00f3mo se preparan y qu\u00e9 protocolos activaron para brindarles seguridad y confianza a los chicos. \u00a0<\/p>\n\n\n\n<p>\u201cHa sido un a\u00f1o at\u00edpico para todos y los viajes de egresados no escaparon a todo lo que nos llev\u00f3 el covid\u201d, comenz\u00f3 contando el empresario Javier Mu\u00f1oz.<\/p>\n\n\n\n<p>\u201cEstuvimos todo el a\u00f1o bajo las normativas que nos marc\u00f3 nuestro ente regulador que es el Ministerio de Turismo de la Naci\u00f3n\u201d.<\/p>\n\n\n\n<p>\u201cSiempre acompa\u00f1ando a la C\u00e1mara y desde el primero de diciembre donde el ministro Lamens firm\u00f3 un decreto donde autorizaba los viajes de egresados en tanto los destinos aceptaran bajo los protocolos que hab\u00eda que ir cumpliendo\u201d, se\u00f1al\u00f3 Mu\u00f1oz.<\/p>\n\n\n\n<p>\u201cLos destinos m\u00e1s solicitados fueron Villa Carlos Paz y Bariloche. A trav\u00e9s del Comit\u00e9 de Emergencia Sanitaria de Bariloche se solicit\u00f3 un protocolo para ser analizado y despu\u00e9s evaluarlo para dar la autorizaci\u00f3n o no\u201d.<\/p>\n\n\n\n<p>\u201cAs\u00ed fue como trabajamos con los protocolos y el COE lo aprob\u00f3 y dio luz verde para que los estudiantes puedan viajar a San Carlos de Bariloche\u201d, afirm\u00f3.<\/p>\n\n\n\n<p>\u201cTenemos parte en bus y parte a\u00e9reo. Hubo que reprogramar los vuelos pero coordinamos todo para se pueda viajar cuanto antes\u201d. \u201cA partir del 7 de enero se van en bus colegios de Olavarr\u00eda y Azul, a partir de ah\u00ed salen todas las semanas distintos grupos\u201d.<\/p>\n\n\n\n<p>\u201cPor protocolo, en el Club House Hotel, hemos tomado la decisi\u00f3n de bajar el 60 por ciento de su ocupaci\u00f3n, ya que el hotel tiene una capacidad de 180 camas y lo bajamos a 100, guardamos un piso completo por si tenemos que aislar alg\u00fan chico\u201d, remarc\u00f3.<\/p>\n\n\n\n<p>\u201cEn ese mismo piso hicimos un consultorio m\u00e9dico con todo lo que tuvimos a nuestro alcance. Lo visit\u00f3 un m\u00e9dico infect\u00f3logo que nos asesora y logramos hacer lo m\u00e1s parecido a una terapia intensiva\u201d. \u201cTambi\u00e9n decidimos bajar la cantidad de camas por habitaci\u00f3n para solo 2 y hasta 4 personas\u201d.<\/p>\n\n\n\n<p>\u201cEl sistema que utilizamos para los viajes es el de viajes burbujas, por ejemplo, el 30 de enero sale el Socorro de San Pedro, son 100 chicos que se van a mover todos juntos en dos vuelos, va a estar en el hotel solos, en las excursiones tambi\u00e9n estar\u00e1n ellos solos y en todos los lugares ser\u00e1 as\u00ed\u201d.<\/p>\n\n\n\n<p>\u201cAdem\u00e1s vamos a hisopar a todos los pasajeros antes de viajar 24 horas antes. Compramos los test r\u00e1pidos y previo a la salida se hisopan, el negativo viaja y el positivo se queda asilado con su familia\u201d, manifest\u00f3 el empresario. \u201cNos hicimos cargo de todos los gastos para no correr riesgos\u201d. &nbsp;<\/p>\n\n\n\n<p>\u201cHay una trastienda en todo esto que es una ley de emergencia tur\u00edstica aprobada en el congreso y que presenta tres opciones, una es la de reprogramar el viaje, la otra es la de canjear el valor del viaje para ir a otro destino, y la tercera es la devoluci\u00f3n y cancelaci\u00f3n, que en caso de que as\u00ed suceda el 25% se le retiene y el resto se devuelve en dos cuotas\u201d.<\/p>\n\n\n\n<p>\u201cCon respecto a Villa Carlos Paz les indicamos a los padres que vamos a viajar cuando est\u00e9n dadas las condiciones y estamos esperando que las autoridades nos den la luz verde para llevar a los m\u00e1s chiquitos\u201d.<\/p>\n\n\n\n<p>\u201cA nivel local en el Fuerte de Obligado y la Posada del Fuerte, estuvieron todo el a\u00f1o parado, y vamos a ver qu\u00e9 suceder\u00e1 m\u00e1s adelante\u201d.<\/p>\n\n\n\n<p>Fuente: <a href=\"https:\/\/www.sanpedroinforma.com.ar\/nota\/123914\/sociedad\/travel-dance-reanuda-los-viajes-de-egresados-a-san-carlos-de-bariloche.html\">San Pedro Informa<\/a><\/p>\n","protected":false},"excerpt":{"rendered":"<p>Con una fuerte inversi\u00f3n en protocolos sanitarios desde hoy mismo comienzan a viajar las distintas delegaciones que finalmente tendr\u00e1n su ansiado viaje de egresados. Despu\u00e9s de los contratiempos originados por la pandemia del Covid, la empresa l\u00edder en viajes estudiantiles, Travel Dance, reprogram\u00f3 todos los viajes y desde esta semana comienzan a viajar las primeras [&hellip;]<\/p>\n","protected":false},"author":4,"featured_media":85449,"comment_status":"open","ping_status":"closed","sticky":false,"template":"","format":"standard","meta":{"om_disable_all_campaigns":false,"_jetpack_memberships_contains_paid_content":false,"footnotes":""},"categories":[50,101,2],"tags":[],"class_list":["post-85448","post","type-post","status-publish","format-standard","has-post-thumbnail","hentry","category-destacadas","category-interes-general-locales","category-locales"],"aioseo_notices":[],"gutentor_comment":0,"jetpack_featured_media_url":"https:\/\/eldiariodesanpedro.com.ar\/sitio\/wp-content\/uploads\/2021\/01\/000089187.jpg","jetpack_shortlink":"https:\/\/wp.me\/p6RhLt-mec","jetpack_sharing_enabled":true,"_links":{"self":[{"href":"https:\/\/eldiariodesanpedro.com.ar\/sitio\/wp-json\/wp\/v2\/posts\/85448","targetHints":{"allow":["GET"]}}],"collection":[{"href":"https:\/\/eldiariodesanpedro.com.ar\/sitio\/wp-json\/wp\/v2\/posts"}],"about":[{"href":"https:\/\/eldiariodesanpedro.com.ar\/sitio\/wp-json\/wp\/v2\/types\/post"}],"author":[{"embeddable":true,"href":"https:\/\/eldiariodesanpedro.com.ar\/sitio\/wp-json\/wp\/v2\/users\/4"}],"replies":[{"embeddable":true,"href":"https:\/\/eldiariodesanpedro.com.ar\/sitio\/wp-json\/wp\/v2\/comments?post=85448"}],"version-history":[{"count":1,"href":"https:\/\/eldiariodesanpedro.com.ar\/sitio\/wp-json\/wp\/v2\/posts\/85448\/revisions"}],"predecessor-version":[{"id":85450,"href":"https:\/\/eldiariodesanpedro.com.ar\/sitio\/wp-json\/wp\/v2\/posts\/85448\/revisions\/85450"}],"wp:featuredmedia":[{"embeddable":true,"href":"https:\/\/eldiariodesanpedro.com.ar\/sitio\/wp-json\/wp\/v2\/media\/85449"}],"wp:attachment":[{"href":"https:\/\/eldiariodesanpedro.com.ar\/sitio\/wp-json\/wp\/v2\/media?parent=85448"}],"wp:term":[{"taxonomy":"category","embeddable":true,"href":"https:\/\/eldiariodesanpedro.com.ar\/sitio\/wp-json\/wp\/v2\/categories?post=85448"},{"taxonomy":"post_tag","embeddable":true,"href":"https:\/\/eldiariodesanpedro.com.ar\/sitio\/wp-json\/wp\/v2\/tags?post=85448"}],"curies":[{"name":"wp","href":"https:\/\/api.w.org\/{rel}","templated":true}]}}