{"id":85438,"date":"2021-01-05T20:34:09","date_gmt":"2021-01-05T23:34:09","guid":{"rendered":"https:\/\/eldiariodesanpedro.com.ar\/sitio\/?p=85438"},"modified":"2021-01-05T20:34:13","modified_gmt":"2021-01-05T23:34:13","slug":"san-nicolas-la-vacuna-sputnik-v-se-aplico-a-75-intensivistas-nicolenos-sin-presentar-efectos-indeseables","status":"publish","type":"post","link":"https:\/\/eldiariodesanpedro.com.ar\/sitio\/san-nicolas-la-vacuna-sputnik-v-se-aplico-a-75-intensivistas-nicolenos-sin-presentar-efectos-indeseables\/","title":{"rendered":"SAN NICOL\u00c1S | La vacuna Sputnik V se aplic\u00f3 a 75 intensivistas nicole\u00f1os sin presentar \u201cefectos indeseables\u201d"},"content":{"rendered":"<!-- VideographyWP Plugin Message: Automatic video embedding prevented by plugin options. -->\n\n<p><strong>As\u00ed lo asegur\u00f3 el Dr. Pablo Gavazza, Director Ejecutivo del hospital San Felipe, tras completarse este martes el tercer d\u00eda de la campa\u00f1a de inmunizaci\u00f3n contra el Covid con la vacuna desarrollada por el laboratorio Gamaleya. En tanto el Director M\u00e9dico del sanatorio de la UOM, Dr. Pablo Primucci, se expres\u00f3 en el mismo sentido: \u201cNo he sabido de efectos adversos que puedan ser considerados relevantes\u00bb, dijo quien fuera el primero en aplicarse la Sputnik V en nuestra ciudad.<\/strong><\/p>\n\n\n\n<p>San Nicol\u00e1s recibi\u00f3 450 dosis de la vacuna Sputnik V, que desde el martes de la semana pasada se est\u00e1n aplicando a personal intensivista de los centros de salud de nuestra ciudad. Este martes se instrument\u00f3 el tercer d\u00eda de vacunaci\u00f3n en virtud de que no se instrument\u00f3 la campa\u00f1a durante los feriados de Fin de A\u00f1o. \u201cHoy llevamos 75 personas vacunadas, de las cuales no hemos tenido comunicaci\u00f3n algunas acerca de efectos indeseables\u201d, asegur\u00f3 el Dr. Pablo Gabazza, Director Ejecutivo del hospital San Felipe, en di\u00e1logo con periodistas del programa \u00abPila y Media\u00bb (Radio U). \u201cPersonalmente me ocupe de hacer un seguimiento de las personas vacunadas a fin de monitorear la evoluci\u00f3n del proceso. Y puedo afirmar que hasta el momento no se han presentado complicaciones de ning\u00fan tipo\u201d, a\u00f1adi\u00f3 Gabazza.<\/p>\n\n\n\n<p>Las dosis de la vacuna Sputnik V se encuentran almacenadas en un freezer especial que garantiza la temperatura requerida para no perder la cadena de fr\u00edo. El equipo de enfriamiento est\u00e1 conectado a un generador el\u00e9ctrico, y se encuentra custodiado las 24 horas del d\u00eda.<\/p>\n\n\n\n<p>\u201cTenemos establecido una media de 30 a 35 dosis a inyectar por d\u00eda. Hay que tener en cuenta que el sistema de vacunaci\u00f3n en este caso tiene sus particularidades. De hecho, se prepara a cinco personas para recibir la vacuna en una misma tanda. Reci\u00e9n una vez que las cinco personas est\u00e1n en el lugar se retira el frasco del freezer, que contiene cinco dosis, y se aguarda entre 20 y 30 minutos hasta que se descongela. A partir de entonces disponemos de 30 minutos para vacunar a los cinco receptores\u201d, cont\u00f3 el Director Ejecutivo del hospital San Felipe.<\/p>\n\n\n\n<p><strong>Pablo Primucci<\/strong><br>Tambi\u00e9n en\u00a0<strong>\u00abPila y Media\u00bb<\/strong>, el Director m\u00e9dico del sanatorio de la UOM, Dr. Pablo Primucci, manifest\u00f3 que \u201cpor lo que he sabido no hubo complicaciones en quienes ya recibieron la vacuna, m\u00e1s all\u00e1 de alg\u00fan tipo de cansancio muscular durante pocas horas. O bien alg\u00fan m\u00ednimo dolor en el sitio de punci\u00f3n. Pero no he sabido de efectos adversos que puedan ser considerados relevantes\u00bb. Cabe recordar que el Dr. Primucci, que adem\u00e1s es Jefe de Obstetricia y Ginecolog\u00eda en el hospital San Felipe, fue el primero en recibir la vacuna Sputnik V en San Nicol\u00e1s.<br>\u201cEsta semana estamos convocando a los empleados del sanatorio que voluntariamente quieran recibir la vacuna. El personal de terapia intensiva, guardia e internaci\u00f3n tienen prioridad, dentro de un plantel de m\u00e1s de 130 empleados\u201d, complet\u00f3 Primucci.<\/p>\n\n\n\n<p>Fuente: <a href=\"https:\/\/diarioelnorte.com.ar\/nota?id_noticia=9454\">Diario El Norte<\/a><\/p>\n","protected":false},"excerpt":{"rendered":"<p>As\u00ed lo asegur\u00f3 el Dr. Pablo Gavazza, Director Ejecutivo del hospital San Felipe, tras completarse este martes el tercer d\u00eda de la campa\u00f1a de inmunizaci\u00f3n contra el Covid con la vacuna desarrollada por el laboratorio Gamaleya. En tanto el Director M\u00e9dico del sanatorio de la UOM, Dr. Pablo Primucci, se expres\u00f3 en el mismo sentido: [&hellip;]<\/p>\n","protected":false},"author":4,"featured_media":85439,"comment_status":"open","ping_status":"closed","sticky":false,"template":"","format":"standard","meta":{"om_disable_all_campaigns":false,"_jetpack_memberships_contains_paid_content":false,"footnotes":""},"categories":[621],"tags":[],"class_list":["post-85438","post","type-post","status-publish","format-standard","has-post-thumbnail","hentry","category-regionales"],"aioseo_notices":[],"gutentor_comment":0,"jetpack_featured_media_url":"https:\/\/eldiariodesanpedro.com.ar\/sitio\/wp-content\/uploads\/2021\/01\/0-1-2.jpg","jetpack_shortlink":"https:\/\/wp.me\/p6RhLt-me2","jetpack_sharing_enabled":true,"_links":{"self":[{"href":"https:\/\/eldiariodesanpedro.com.ar\/sitio\/wp-json\/wp\/v2\/posts\/85438","targetHints":{"allow":["GET"]}}],"collection":[{"href":"https:\/\/eldiariodesanpedro.com.ar\/sitio\/wp-json\/wp\/v2\/posts"}],"about":[{"href":"https:\/\/eldiariodesanpedro.com.ar\/sitio\/wp-json\/wp\/v2\/types\/post"}],"author":[{"embeddable":true,"href":"https:\/\/eldiariodesanpedro.com.ar\/sitio\/wp-json\/wp\/v2\/users\/4"}],"replies":[{"embeddable":true,"href":"https:\/\/eldiariodesanpedro.com.ar\/sitio\/wp-json\/wp\/v2\/comments?post=85438"}],"version-history":[{"count":1,"href":"https:\/\/eldiariodesanpedro.com.ar\/sitio\/wp-json\/wp\/v2\/posts\/85438\/revisions"}],"predecessor-version":[{"id":85440,"href":"https:\/\/eldiariodesanpedro.com.ar\/sitio\/wp-json\/wp\/v2\/posts\/85438\/revisions\/85440"}],"wp:featuredmedia":[{"embeddable":true,"href":"https:\/\/eldiariodesanpedro.com.ar\/sitio\/wp-json\/wp\/v2\/media\/85439"}],"wp:attachment":[{"href":"https:\/\/eldiariodesanpedro.com.ar\/sitio\/wp-json\/wp\/v2\/media?parent=85438"}],"wp:term":[{"taxonomy":"category","embeddable":true,"href":"https:\/\/eldiariodesanpedro.com.ar\/sitio\/wp-json\/wp\/v2\/categories?post=85438"},{"taxonomy":"post_tag","embeddable":true,"href":"https:\/\/eldiariodesanpedro.com.ar\/sitio\/wp-json\/wp\/v2\/tags?post=85438"}],"curies":[{"name":"wp","href":"https:\/\/api.w.org\/{rel}","templated":true}]}}