{"id":85435,"date":"2021-01-05T20:31:23","date_gmt":"2021-01-05T23:31:23","guid":{"rendered":"https:\/\/eldiariodesanpedro.com.ar\/sitio\/?p=85435"},"modified":"2021-01-05T20:31:24","modified_gmt":"2021-01-05T23:31:24","slug":"zarate-camion-con-acoplado-cayo-desde-un-puente-de-ruta-9","status":"publish","type":"post","link":"https:\/\/eldiariodesanpedro.com.ar\/sitio\/zarate-camion-con-acoplado-cayo-desde-un-puente-de-ruta-9\/","title":{"rendered":"Z\u00c1RATE | Cami\u00f3n con acoplado cay\u00f3 desde un puente de ruta 9"},"content":{"rendered":"<!-- VideographyWP Plugin Message: Automatic video embedding prevented by plugin options. -->\n\n<p>Esta tarde, cerca de las 18:00, un cami\u00f3n con acoplado -trasladando un contenedor- cay\u00f3 desde un puente de la Ruta 9, a la altura del kil\u00f3metro 87, en Z\u00e1rate. El camionero result\u00f3 herido y fue trasladado al hospital Virgen del Carmen.<\/p>\n\n\n\n<p>Fuente: <a href=\"https:\/\/impactolocal.com.ar\/2021\/01\/05\/camion-con-acoplado-cayo-desde-un-puente-de-ruta-9\/\">Impacto Local<\/a><\/p>\n","protected":false},"excerpt":{"rendered":"<p>Esta tarde, cerca de las 18:00, un cami\u00f3n con acoplado -trasladando un contenedor- cay\u00f3 desde un puente de la Ruta 9, a la altura del kil\u00f3metro 87, en Z\u00e1rate. El camionero result\u00f3 herido y fue trasladado al hospital Virgen del Carmen. Fuente: Impacto Local<\/p>\n","protected":false},"author":4,"featured_media":85436,"comment_status":"open","ping_status":"closed","sticky":false,"template":"","format":"standard","meta":{"om_disable_all_campaigns":false,"_jetpack_memberships_contains_paid_content":false,"footnotes":""},"categories":[621],"tags":[],"class_list":["post-85435","post","type-post","status-publish","format-standard","has-post-thumbnail","hentry","category-regionales"],"aioseo_notices":[],"gutentor_comment":0,"jetpack_featured_media_url":"https:\/\/eldiariodesanpedro.com.ar\/sitio\/wp-content\/uploads\/2021\/01\/camion-ruta-9-696x761-1.jpg","jetpack_shortlink":"https:\/\/wp.me\/p6RhLt-mdZ","jetpack_sharing_enabled":true,"_links":{"self":[{"href":"https:\/\/eldiariodesanpedro.com.ar\/sitio\/wp-json\/wp\/v2\/posts\/85435","targetHints":{"allow":["GET"]}}],"collection":[{"href":"https:\/\/eldiariodesanpedro.com.ar\/sitio\/wp-json\/wp\/v2\/posts"}],"about":[{"href":"https:\/\/eldiariodesanpedro.com.ar\/sitio\/wp-json\/wp\/v2\/types\/post"}],"author":[{"embeddable":true,"href":"https:\/\/eldiariodesanpedro.com.ar\/sitio\/wp-json\/wp\/v2\/users\/4"}],"replies":[{"embeddable":true,"href":"https:\/\/eldiariodesanpedro.com.ar\/sitio\/wp-json\/wp\/v2\/comments?post=85435"}],"version-history":[{"count":1,"href":"https:\/\/eldiariodesanpedro.com.ar\/sitio\/wp-json\/wp\/v2\/posts\/85435\/revisions"}],"predecessor-version":[{"id":85437,"href":"https:\/\/eldiariodesanpedro.com.ar\/sitio\/wp-json\/wp\/v2\/posts\/85435\/revisions\/85437"}],"wp:featuredmedia":[{"embeddable":true,"href":"https:\/\/eldiariodesanpedro.com.ar\/sitio\/wp-json\/wp\/v2\/media\/85436"}],"wp:attachment":[{"href":"https:\/\/eldiariodesanpedro.com.ar\/sitio\/wp-json\/wp\/v2\/media?parent=85435"}],"wp:term":[{"taxonomy":"category","embeddable":true,"href":"https:\/\/eldiariodesanpedro.com.ar\/sitio\/wp-json\/wp\/v2\/categories?post=85435"},{"taxonomy":"post_tag","embeddable":true,"href":"https:\/\/eldiariodesanpedro.com.ar\/sitio\/wp-json\/wp\/v2\/tags?post=85435"}],"curies":[{"name":"wp","href":"https:\/\/api.w.org\/{rel}","templated":true}]}}