{"id":85425,"date":"2021-01-05T20:23:20","date_gmt":"2021-01-05T23:23:20","guid":{"rendered":"https:\/\/eldiariodesanpedro.com.ar\/sitio\/?p=85425"},"modified":"2021-01-05T20:23:20","modified_gmt":"2021-01-05T23:23:20","slug":"prefectura-realizo-allanamiento-en-una-vivienda-y-secuestro-pertenencias-robadas-en-baradero","status":"publish","type":"post","link":"https:\/\/eldiariodesanpedro.com.ar\/sitio\/prefectura-realizo-allanamiento-en-una-vivienda-y-secuestro-pertenencias-robadas-en-baradero\/","title":{"rendered":"Prefectura realizo allanamiento en una vivienda y secuestro pertenencias robadas en Baradero"},"content":{"rendered":"<!-- VideographyWP Plugin Message: Automatic video embedding prevented by plugin options. -->\n\n<p>En la tarde de este martes efectivos de prefectura realizaron allanamientos en una vivienda ubica en cercan\u00edas de calle Italia y Gomendio donde secuestran una aspiradora y un compresor de aire que hab\u00eda sido robado d\u00edas atr\u00e1s en la vecina localidad de Baradero.<\/p>\n\n\n\n<p>Durante la tarde de hoy estuvieron presentes prefectos en esta vivienda tras la denuncia de propietarios de un lavadero de autom\u00f3viles en la vecina localidad de Baradero quienes informaron haber visto a estos art\u00edculos publicados en una grupo de ventas de la red social Facebook y tras investigaciones se realizaron los allanamientos recuperando el compresor de aire industrial y la aspiradora industrial. <\/p>\n\n\n\n<p>Tras realizar preguntas a los propietarios de la vivienda pudieron determinar que una mujer hab\u00eda comprado las cosas en buena fe a una persona de Baradero para revenderlas.<\/p>\n\n\n\n<p>Ambos vienes fueron secuestrados y ser\u00e1n entregados a sus propietarios.<\/p>\n","protected":false},"excerpt":{"rendered":"<p>En la tarde de este martes efectivos de prefectura realizaron allanamientos en una vivienda ubica en cercan\u00edas de calle Italia y Gomendio donde secuestran una aspiradora y un compresor de aire que hab\u00eda sido robado d\u00edas atr\u00e1s en la vecina localidad de Baradero. Durante la tarde de hoy estuvieron presentes prefectos en esta vivienda tras [&hellip;]<\/p>\n","protected":false},"author":4,"featured_media":85426,"comment_status":"open","ping_status":"closed","sticky":false,"template":"","format":"standard","meta":{"om_disable_all_campaigns":false,"_jetpack_memberships_contains_paid_content":false,"footnotes":""},"categories":[2,103],"tags":[],"class_list":["post-85425","post","type-post","status-publish","format-standard","has-post-thumbnail","hentry","category-locales","category-policiales-locales"],"aioseo_notices":[],"gutentor_comment":0,"jetpack_featured_media_url":"https:\/\/eldiariodesanpedro.com.ar\/sitio\/wp-content\/uploads\/2021\/01\/IMG-20210105-WA0102.jpg","jetpack_shortlink":"https:\/\/wp.me\/p6RhLt-mdP","jetpack_sharing_enabled":true,"_links":{"self":[{"href":"https:\/\/eldiariodesanpedro.com.ar\/sitio\/wp-json\/wp\/v2\/posts\/85425","targetHints":{"allow":["GET"]}}],"collection":[{"href":"https:\/\/eldiariodesanpedro.com.ar\/sitio\/wp-json\/wp\/v2\/posts"}],"about":[{"href":"https:\/\/eldiariodesanpedro.com.ar\/sitio\/wp-json\/wp\/v2\/types\/post"}],"author":[{"embeddable":true,"href":"https:\/\/eldiariodesanpedro.com.ar\/sitio\/wp-json\/wp\/v2\/users\/4"}],"replies":[{"embeddable":true,"href":"https:\/\/eldiariodesanpedro.com.ar\/sitio\/wp-json\/wp\/v2\/comments?post=85425"}],"version-history":[{"count":1,"href":"https:\/\/eldiariodesanpedro.com.ar\/sitio\/wp-json\/wp\/v2\/posts\/85425\/revisions"}],"predecessor-version":[{"id":85427,"href":"https:\/\/eldiariodesanpedro.com.ar\/sitio\/wp-json\/wp\/v2\/posts\/85425\/revisions\/85427"}],"wp:featuredmedia":[{"embeddable":true,"href":"https:\/\/eldiariodesanpedro.com.ar\/sitio\/wp-json\/wp\/v2\/media\/85426"}],"wp:attachment":[{"href":"https:\/\/eldiariodesanpedro.com.ar\/sitio\/wp-json\/wp\/v2\/media?parent=85425"}],"wp:term":[{"taxonomy":"category","embeddable":true,"href":"https:\/\/eldiariodesanpedro.com.ar\/sitio\/wp-json\/wp\/v2\/categories?post=85425"},{"taxonomy":"post_tag","embeddable":true,"href":"https:\/\/eldiariodesanpedro.com.ar\/sitio\/wp-json\/wp\/v2\/tags?post=85425"}],"curies":[{"name":"wp","href":"https:\/\/api.w.org\/{rel}","templated":true}]}}