{"id":85422,"date":"2021-01-05T19:44:38","date_gmt":"2021-01-05T22:44:38","guid":{"rendered":"https:\/\/eldiariodesanpedro.com.ar\/sitio\/?p=85422"},"modified":"2021-01-05T19:44:42","modified_gmt":"2021-01-05T22:44:42","slug":"perez-millan-desplazaron-al-cura-de-perez-millan-por-una-denuncia-de-abuso","status":"publish","type":"post","link":"https:\/\/eldiariodesanpedro.com.ar\/sitio\/perez-millan-desplazaron-al-cura-de-perez-millan-por-una-denuncia-de-abuso\/","title":{"rendered":"PEREZ MILLAN | Desplazaron al cura de P\u00e9rez Mill\u00e1n por una denuncia de abuso"},"content":{"rendered":"<!-- VideographyWP Plugin Message: Automatic video embedding prevented by plugin options. -->\n\n<p>Por una denuncia caratulada como abuso sexual simple realizada en la dependencia de Policial por parte de una persona mayor de edad.<\/p>\n\n\n\n<p>Seg\u00fan los primeros datos al cual pudo acceder este medio, ayudant\u00eda de Ramallo y fiscal\u00eda de San Nicol\u00e1s puso en conocimiento sobre la denuncia y sumando supuestos antecedentes al obispado de San Nicol\u00e1s.<\/p>\n\n\n\n<p>En principio el cura fue desplazado de su cargo.<\/p>\n\n\n\n<p>La denuncia fue realizada por parte de una persona mayor de edad y en menos de 24 hs, seg\u00fan algunos datos el mismo fue desplazado.<\/p>\n\n\n\n<p>La iglesia san Carlos Borromeo seg\u00fan trasciende tendr\u00e1 un nuevo cura en las pr\u00f3ximas horas que ya estuvo a\u00f1os atr\u00e1s en la parroquia.<\/p>\n\n\n\n<p>Adem\u00e1s este cura se desempe\u00f1a en la localidad de Santa Lucia y Pueblo Doyle.<\/p>\n\n\n\n<p>Fuente: <a href=\"https:\/\/www.facebook.com\/Pone-%C3%89xitos-327672397964593\">Fm Pone Exitos<\/a><\/p>\n","protected":false},"excerpt":{"rendered":"<p>Por una denuncia caratulada como abuso sexual simple realizada en la dependencia de Policial por parte de una persona mayor de edad. Seg\u00fan los primeros datos al cual pudo acceder este medio, ayudant\u00eda de Ramallo y fiscal\u00eda de San Nicol\u00e1s puso en conocimiento sobre la denuncia y sumando supuestos antecedentes al obispado de San Nicol\u00e1s. [&hellip;]<\/p>\n","protected":false},"author":4,"featured_media":85423,"comment_status":"open","ping_status":"closed","sticky":false,"template":"","format":"standard","meta":{"om_disable_all_campaigns":false,"_jetpack_memberships_contains_paid_content":false,"footnotes":""},"categories":[621],"tags":[],"class_list":["post-85422","post","type-post","status-publish","format-standard","has-post-thumbnail","hentry","category-regionales"],"aioseo_notices":[],"gutentor_comment":0,"jetpack_featured_media_url":"https:\/\/eldiariodesanpedro.com.ar\/sitio\/wp-content\/uploads\/2021\/01\/resize_1595849313.jpg","jetpack_shortlink":"https:\/\/wp.me\/p6RhLt-mdM","jetpack_sharing_enabled":true,"_links":{"self":[{"href":"https:\/\/eldiariodesanpedro.com.ar\/sitio\/wp-json\/wp\/v2\/posts\/85422","targetHints":{"allow":["GET"]}}],"collection":[{"href":"https:\/\/eldiariodesanpedro.com.ar\/sitio\/wp-json\/wp\/v2\/posts"}],"about":[{"href":"https:\/\/eldiariodesanpedro.com.ar\/sitio\/wp-json\/wp\/v2\/types\/post"}],"author":[{"embeddable":true,"href":"https:\/\/eldiariodesanpedro.com.ar\/sitio\/wp-json\/wp\/v2\/users\/4"}],"replies":[{"embeddable":true,"href":"https:\/\/eldiariodesanpedro.com.ar\/sitio\/wp-json\/wp\/v2\/comments?post=85422"}],"version-history":[{"count":1,"href":"https:\/\/eldiariodesanpedro.com.ar\/sitio\/wp-json\/wp\/v2\/posts\/85422\/revisions"}],"predecessor-version":[{"id":85424,"href":"https:\/\/eldiariodesanpedro.com.ar\/sitio\/wp-json\/wp\/v2\/posts\/85422\/revisions\/85424"}],"wp:featuredmedia":[{"embeddable":true,"href":"https:\/\/eldiariodesanpedro.com.ar\/sitio\/wp-json\/wp\/v2\/media\/85423"}],"wp:attachment":[{"href":"https:\/\/eldiariodesanpedro.com.ar\/sitio\/wp-json\/wp\/v2\/media?parent=85422"}],"wp:term":[{"taxonomy":"category","embeddable":true,"href":"https:\/\/eldiariodesanpedro.com.ar\/sitio\/wp-json\/wp\/v2\/categories?post=85422"},{"taxonomy":"post_tag","embeddable":true,"href":"https:\/\/eldiariodesanpedro.com.ar\/sitio\/wp-json\/wp\/v2\/tags?post=85422"}],"curies":[{"name":"wp","href":"https:\/\/api.w.org\/{rel}","templated":true}]}}