{"id":85414,"date":"2021-01-05T19:39:57","date_gmt":"2021-01-05T22:39:57","guid":{"rendered":"https:\/\/eldiariodesanpedro.com.ar\/sitio\/?p=85414"},"modified":"2021-01-05T19:39:58","modified_gmt":"2021-01-05T22:39:58","slug":"el-departamento-canino-tendra-un-espacio-de-atencion-en-salta-y-9-de-julio","status":"publish","type":"post","link":"https:\/\/eldiariodesanpedro.com.ar\/sitio\/el-departamento-canino-tendra-un-espacio-de-atencion-en-salta-y-9-de-julio\/","title":{"rendered":"El Departamento Canino tendr\u00e1 un espacio de atenci\u00f3n en Salta y 9 de Julio"},"content":{"rendered":"<!-- VideographyWP Plugin Message: Automatic video embedding prevented by plugin options. -->\n\n<p>El Intendente interino Ram\u00f3n Salazar recibi\u00f3 este mediod\u00eda en su despacho al Secretario de Salud Guillermo Sancho, al Secretario de Obras P\u00fablicas Ariel Alvarez y al M\u00e9dico Veterinario Federico Reyna responsable del Departamento Canino de la Municipalidad (dependiente de la Secretar\u00eda de Salud), para poner en marcha las acciones que concluir\u00e1n con la instalaci\u00f3n y apertura de un espacio exclusivo para este servicio.<\/p>\n\n\n\n<p>Desde su creaci\u00f3n este departamento ha ido incrementando su intervenci\u00f3n para concretar castraciones, vacunaci\u00f3n antirr\u00e1bica y desparasitaci\u00f3n de perros y gatos.<\/p>\n\n\n\n<p>El constante incremento de la poblaci\u00f3n de estos animales, y en muchos casos, el abandono que lamentablemente se observa, ha generado una necesidad que obliga a ampliar las posibilidades de acci\u00f3n.<\/p>\n\n\n\n<p>En tal sentido, el actual Intendente Interino Ram\u00f3n Salazar, ya hab\u00eda tenido en su car\u00e1cter de Secretario de Coordinaci\u00f3n varias reuniones para fortalecer el servicio.<\/p>\n\n\n\n<p>La reuni\u00f3n de hoy que cont\u00f3 con las m\u00e1ximas autoridades de salud y obras p\u00fablicas fue planteada para poder iniciar a la brevedad las obras de refacci\u00f3n en la propiedad que el municipio tiene en Salta y 9 de Julio, para montar all\u00ed las instalaciones de atenci\u00f3n veterinaria con quir\u00f3fano y oficinas para este servicio.<\/p>\n\n\n\n<p>Uno de los datos m\u00e1s relevantes sobre la eficacia del servicio hasta el momento da cuenta de que durante el 2020, a\u00fan con la Pandemia de Covid como limitante se concretaron m\u00e1s de <em>1500 castraciones y 1600 vacunaciones.<\/em><\/p>\n\n\n\n<p>Con una acci\u00f3n sostenida en el tiempo se podr\u00e1 frenar la reproducci\u00f3n y estimular la adopci\u00f3n y tenencia de mascotas esterilizadas, vacunadas y desparasitadas en manos de quienes est\u00e9n dispuestos a hacerlo.<\/p>\n\n\n\n<figure class=\"wp-block-image size-large\"><img decoding=\"async\" width=\"1024\" height=\"768\" data-attachment-id=\"85417\" data-permalink=\"https:\/\/eldiariodesanpedro.com.ar\/sitio\/img-20210105-wa0088\/\" data-orig-file=\"https:\/\/eldiariodesanpedro.com.ar\/sitio\/wp-content\/uploads\/2021\/01\/IMG-20210105-WA0088.jpg\" data-orig-size=\"1280,960\" data-comments-opened=\"1\" data-image-meta=\"{&quot;aperture&quot;:&quot;0&quot;,&quot;credit&quot;:&quot;&quot;,&quot;camera&quot;:&quot;&quot;,&quot;caption&quot;:&quot;&quot;,&quot;created_timestamp&quot;:&quot;0&quot;,&quot;copyright&quot;:&quot;&quot;,&quot;focal_length&quot;:&quot;0&quot;,&quot;iso&quot;:&quot;0&quot;,&quot;shutter_speed&quot;:&quot;0&quot;,&quot;title&quot;:&quot;&quot;,&quot;orientation&quot;:&quot;0&quot;}\" data-image-title=\"IMG-20210105-WA0088\" data-image-description=\"\" data-image-caption=\"\" data-large-file=\"https:\/\/eldiariodesanpedro.com.ar\/sitio\/wp-content\/uploads\/2021\/01\/IMG-20210105-WA0088-1024x768.jpg\" data-src=\"https:\/\/eldiariodesanpedro.com.ar\/sitio\/wp-content\/uploads\/2021\/01\/IMG-20210105-WA0088-1024x768.jpg\" alt=\"\" class=\"wp-image-85417 lazyload\" data-srcset=\"https:\/\/eldiariodesanpedro.com.ar\/sitio\/wp-content\/uploads\/2021\/01\/IMG-20210105-WA0088-1024x768.jpg 1024w, https:\/\/eldiariodesanpedro.com.ar\/sitio\/wp-content\/uploads\/2021\/01\/IMG-20210105-WA0088-300x225.jpg 300w, https:\/\/eldiariodesanpedro.com.ar\/sitio\/wp-content\/uploads\/2021\/01\/IMG-20210105-WA0088-768x576.jpg 768w, https:\/\/eldiariodesanpedro.com.ar\/sitio\/wp-content\/uploads\/2021\/01\/IMG-20210105-WA0088-500x375.jpg 500w, https:\/\/eldiariodesanpedro.com.ar\/sitio\/wp-content\/uploads\/2021\/01\/IMG-20210105-WA0088.jpg 1280w\" data-sizes=\"(max-width: 1024px) 100vw, 1024px\" src=\"data:image\/svg+xml;base64,PHN2ZyB3aWR0aD0iMSIgaGVpZ2h0PSIxIiB4bWxucz0iaHR0cDovL3d3dy53My5vcmcvMjAwMC9zdmciPjwvc3ZnPg==\" style=\"--smush-placeholder-width: 1024px; --smush-placeholder-aspect-ratio: 1024\/768;\" \/><\/figure>\n\n\n\n<figure class=\"wp-block-image size-large\"><img decoding=\"async\" width=\"1024\" height=\"768\" data-attachment-id=\"85418\" data-permalink=\"https:\/\/eldiariodesanpedro.com.ar\/sitio\/img-20210105-wa0087\/\" data-orig-file=\"https:\/\/eldiariodesanpedro.com.ar\/sitio\/wp-content\/uploads\/2021\/01\/IMG-20210105-WA0087.jpg\" data-orig-size=\"1280,960\" data-comments-opened=\"1\" data-image-meta=\"{&quot;aperture&quot;:&quot;0&quot;,&quot;credit&quot;:&quot;&quot;,&quot;camera&quot;:&quot;&quot;,&quot;caption&quot;:&quot;&quot;,&quot;created_timestamp&quot;:&quot;0&quot;,&quot;copyright&quot;:&quot;&quot;,&quot;focal_length&quot;:&quot;0&quot;,&quot;iso&quot;:&quot;0&quot;,&quot;shutter_speed&quot;:&quot;0&quot;,&quot;title&quot;:&quot;&quot;,&quot;orientation&quot;:&quot;0&quot;}\" data-image-title=\"IMG-20210105-WA0087\" data-image-description=\"\" data-image-caption=\"\" data-large-file=\"https:\/\/eldiariodesanpedro.com.ar\/sitio\/wp-content\/uploads\/2021\/01\/IMG-20210105-WA0087-1024x768.jpg\" data-src=\"https:\/\/eldiariodesanpedro.com.ar\/sitio\/wp-content\/uploads\/2021\/01\/IMG-20210105-WA0087-1024x768.jpg\" alt=\"\" class=\"wp-image-85418 lazyload\" data-srcset=\"https:\/\/eldiariodesanpedro.com.ar\/sitio\/wp-content\/uploads\/2021\/01\/IMG-20210105-WA0087-1024x768.jpg 1024w, https:\/\/eldiariodesanpedro.com.ar\/sitio\/wp-content\/uploads\/2021\/01\/IMG-20210105-WA0087-300x225.jpg 300w, https:\/\/eldiariodesanpedro.com.ar\/sitio\/wp-content\/uploads\/2021\/01\/IMG-20210105-WA0087-768x576.jpg 768w, https:\/\/eldiariodesanpedro.com.ar\/sitio\/wp-content\/uploads\/2021\/01\/IMG-20210105-WA0087-500x375.jpg 500w, https:\/\/eldiariodesanpedro.com.ar\/sitio\/wp-content\/uploads\/2021\/01\/IMG-20210105-WA0087.jpg 1280w\" data-sizes=\"(max-width: 1024px) 100vw, 1024px\" src=\"data:image\/svg+xml;base64,PHN2ZyB3aWR0aD0iMSIgaGVpZ2h0PSIxIiB4bWxucz0iaHR0cDovL3d3dy53My5vcmcvMjAwMC9zdmciPjwvc3ZnPg==\" style=\"--smush-placeholder-width: 1024px; --smush-placeholder-aspect-ratio: 1024\/768;\" \/><\/figure>\n","protected":false},"excerpt":{"rendered":"<p>El Intendente interino Ram\u00f3n Salazar recibi\u00f3 este mediod\u00eda en su despacho al Secretario de Salud Guillermo Sancho, al Secretario de Obras P\u00fablicas Ariel Alvarez y al M\u00e9dico Veterinario Federico Reyna responsable del Departamento Canino de la Municipalidad (dependiente de la Secretar\u00eda de Salud), para poner en marcha las acciones que concluir\u00e1n con la instalaci\u00f3n y [&hellip;]<\/p>\n","protected":false},"author":4,"featured_media":85416,"comment_status":"open","ping_status":"closed","sticky":false,"template":"","format":"standard","meta":{"om_disable_all_campaigns":false,"_jetpack_memberships_contains_paid_content":false,"footnotes":""},"categories":[101,2],"tags":[2088],"class_list":["post-85414","post","type-post","status-publish","format-standard","has-post-thumbnail","hentry","category-interes-general-locales","category-locales","tag-el-departamento-canino-tendra-un-espacio-de-atencion-en-salta-y-9-de-julio"],"aioseo_notices":[],"gutentor_comment":0,"jetpack_featured_media_url":"https:\/\/eldiariodesanpedro.com.ar\/sitio\/wp-content\/uploads\/2021\/01\/IMG-20210105-WA0089.jpg","jetpack_shortlink":"https:\/\/wp.me\/p6RhLt-mdE","jetpack_sharing_enabled":true,"_links":{"self":[{"href":"https:\/\/eldiariodesanpedro.com.ar\/sitio\/wp-json\/wp\/v2\/posts\/85414","targetHints":{"allow":["GET"]}}],"collection":[{"href":"https:\/\/eldiariodesanpedro.com.ar\/sitio\/wp-json\/wp\/v2\/posts"}],"about":[{"href":"https:\/\/eldiariodesanpedro.com.ar\/sitio\/wp-json\/wp\/v2\/types\/post"}],"author":[{"embeddable":true,"href":"https:\/\/eldiariodesanpedro.com.ar\/sitio\/wp-json\/wp\/v2\/users\/4"}],"replies":[{"embeddable":true,"href":"https:\/\/eldiariodesanpedro.com.ar\/sitio\/wp-json\/wp\/v2\/comments?post=85414"}],"version-history":[{"count":1,"href":"https:\/\/eldiariodesanpedro.com.ar\/sitio\/wp-json\/wp\/v2\/posts\/85414\/revisions"}],"predecessor-version":[{"id":85421,"href":"https:\/\/eldiariodesanpedro.com.ar\/sitio\/wp-json\/wp\/v2\/posts\/85414\/revisions\/85421"}],"wp:featuredmedia":[{"embeddable":true,"href":"https:\/\/eldiariodesanpedro.com.ar\/sitio\/wp-json\/wp\/v2\/media\/85416"}],"wp:attachment":[{"href":"https:\/\/eldiariodesanpedro.com.ar\/sitio\/wp-json\/wp\/v2\/media?parent=85414"}],"wp:term":[{"taxonomy":"category","embeddable":true,"href":"https:\/\/eldiariodesanpedro.com.ar\/sitio\/wp-json\/wp\/v2\/categories?post=85414"},{"taxonomy":"post_tag","embeddable":true,"href":"https:\/\/eldiariodesanpedro.com.ar\/sitio\/wp-json\/wp\/v2\/tags?post=85414"}],"curies":[{"name":"wp","href":"https:\/\/api.w.org\/{rel}","templated":true}]}}