{"id":85412,"date":"2021-01-05T19:28:00","date_gmt":"2021-01-05T22:28:00","guid":{"rendered":"https:\/\/eldiariodesanpedro.com.ar\/sitio\/?p=85412"},"modified":"2021-01-05T19:28:05","modified_gmt":"2021-01-05T22:28:05","slug":"el-intendente-interino-ramon-salazar-participo-de-la-videoconferencia-con-el-gobernador","status":"publish","type":"post","link":"https:\/\/eldiariodesanpedro.com.ar\/sitio\/el-intendente-interino-ramon-salazar-participo-de-la-videoconferencia-con-el-gobernador\/","title":{"rendered":"El Intendente interino Ram\u00f3n Salazar particip\u00f3 de la videoconferencia con el Gobernador"},"content":{"rendered":"<!-- VideographyWP Plugin Message: Automatic video embedding prevented by plugin options. -->\n\n<p>Junto al mandatario provincial estuvieron sus colaboradores m\u00e1s estrechos y entre ellos el Ministro de Salud de la Provincia Daniel Goll\u00e1n y el Jefe de Gabinete Carlos Bianco.<\/p>\n\n\n\n<p>La Municipalidad de San Pedro fue convocada a esta videoconferencia y el Intendente Interino Ram\u00f3n Salazar particip\u00f3 junto al Director de Modernizaci\u00f3n (a cargo de la Secretar\u00eda de Coordinaci\u00f3n), Hern\u00e1n Contreras.<\/p>\n\n\n\n<p>El Gobernador habl\u00f3 de la preocupaci\u00f3n que va en aumento, ante el crecimiento de casos y las actitudes de algunos sectores de la poblaci\u00f3n que le han perdido el temor al Covid-19, con reuniones masivas y sin el uso de las medidas de prevenci\u00f3n.<\/p>\n\n\n\n<p>Por el momento se descartaron medidas restrictivas que pudieran afectar una temporada tan esperada como la que est\u00e1 en marcha, especialmente para las ciudades que viven del turismo, pero los funcionarios solicitaron a todos los Intendentes el m\u00e1ximo compromiso para reforzar el cumplimiento de los protocolos de prevenci\u00f3n.<\/p>\n\n\n\n<p>El gobernador les dijo a los representantes de las ciudades que participaron de la videoconferencia que aunque la situaci\u00f3n actual todav\u00eda no es grave, se debe controlar el crecimiento de casos para evitar que la segunda ola llegue con fuerza, antes de que comiencen a hacer efecto las vacunas que han comenzado a administrarse.<\/p>\n\n\n\n<p>Desde el gobierno provincial se han lanzado masivas campa\u00f1as de comunicaci\u00f3n y prevenci\u00f3n que son replicadas en todos los municipios y se solicita un mensaje contundente para trasladar a la poblaci\u00f3n las se\u00f1ales de alerta que deben ser consideradas.<\/p>\n\n\n\n<p>En el intercambio de opiniones con los representantes del gobierno provincial se inform\u00f3 que el operativo de vacunaci\u00f3n llegar\u00e1 a toda la provincia y que se aguarda un importante lote de dosis hacia fines de mes para extender la llegada de la vacuna a la mayor cantidad de poblaci\u00f3n posible.<\/p>\n\n\n\n<p>En l\u00ednea con el pedido del Gobernador, desde la Municipalidad de San Pedro se han mantenido reuniones que ya han sido informadas y se trabaja en un refuerzo de los controles y las eventuales sanciones para quienes no contribuyan con la prevenci\u00f3n y los protocolos.<\/p>\n\n\n\n<figure class=\"wp-block-image size-large\"><img decoding=\"async\" width=\"1024\" height=\"576\" data-attachment-id=\"85406\" data-permalink=\"https:\/\/eldiariodesanpedro.com.ar\/sitio\/img-20210105-wa0038\/\" data-orig-file=\"https:\/\/eldiariodesanpedro.com.ar\/sitio\/wp-content\/uploads\/2021\/01\/IMG-20210105-WA0038.jpg\" data-orig-size=\"1280,720\" data-comments-opened=\"1\" data-image-meta=\"{&quot;aperture&quot;:&quot;0&quot;,&quot;credit&quot;:&quot;&quot;,&quot;camera&quot;:&quot;&quot;,&quot;caption&quot;:&quot;&quot;,&quot;created_timestamp&quot;:&quot;0&quot;,&quot;copyright&quot;:&quot;&quot;,&quot;focal_length&quot;:&quot;0&quot;,&quot;iso&quot;:&quot;0&quot;,&quot;shutter_speed&quot;:&quot;0&quot;,&quot;title&quot;:&quot;&quot;,&quot;orientation&quot;:&quot;0&quot;}\" data-image-title=\"IMG-20210105-WA0038\" data-image-description=\"\" data-image-caption=\"\" data-large-file=\"https:\/\/eldiariodesanpedro.com.ar\/sitio\/wp-content\/uploads\/2021\/01\/IMG-20210105-WA0038-1024x576.jpg\" data-src=\"https:\/\/eldiariodesanpedro.com.ar\/sitio\/wp-content\/uploads\/2021\/01\/IMG-20210105-WA0038-1024x576.jpg\" alt=\"\" class=\"wp-image-85406 lazyload\" data-srcset=\"https:\/\/eldiariodesanpedro.com.ar\/sitio\/wp-content\/uploads\/2021\/01\/IMG-20210105-WA0038-1024x576.jpg 1024w, https:\/\/eldiariodesanpedro.com.ar\/sitio\/wp-content\/uploads\/2021\/01\/IMG-20210105-WA0038-300x169.jpg 300w, https:\/\/eldiariodesanpedro.com.ar\/sitio\/wp-content\/uploads\/2021\/01\/IMG-20210105-WA0038-768x432.jpg 768w, https:\/\/eldiariodesanpedro.com.ar\/sitio\/wp-content\/uploads\/2021\/01\/IMG-20210105-WA0038-800x450.jpg 800w, https:\/\/eldiariodesanpedro.com.ar\/sitio\/wp-content\/uploads\/2021\/01\/IMG-20210105-WA0038.jpg 1280w\" data-sizes=\"(max-width: 1024px) 100vw, 1024px\" src=\"data:image\/svg+xml;base64,PHN2ZyB3aWR0aD0iMSIgaGVpZ2h0PSIxIiB4bWxucz0iaHR0cDovL3d3dy53My5vcmcvMjAwMC9zdmciPjwvc3ZnPg==\" style=\"--smush-placeholder-width: 1024px; --smush-placeholder-aspect-ratio: 1024\/576;\" \/><\/figure>\n","protected":false},"excerpt":{"rendered":"<p>Junto al mandatario provincial estuvieron sus colaboradores m\u00e1s estrechos y entre ellos el Ministro de Salud de la Provincia Daniel Goll\u00e1n y el Jefe de Gabinete Carlos Bianco. La Municipalidad de San Pedro fue convocada a esta videoconferencia y el Intendente Interino Ram\u00f3n Salazar particip\u00f3 junto al Director de Modernizaci\u00f3n (a cargo de la Secretar\u00eda [&hellip;]<\/p>\n","protected":false},"author":4,"featured_media":85405,"comment_status":"open","ping_status":"closed","sticky":false,"template":"","format":"standard","meta":{"om_disable_all_campaigns":false,"_jetpack_memberships_contains_paid_content":false,"footnotes":""},"categories":[50,101,2],"tags":[2087],"class_list":["post-85412","post","type-post","status-publish","format-standard","has-post-thumbnail","hentry","category-destacadas","category-interes-general-locales","category-locales","tag-el-intendente-interino-ramon-salazar-participo-de-la-videoconferencia-con-el-gobernador"],"aioseo_notices":[],"gutentor_comment":0,"jetpack_featured_media_url":"https:\/\/eldiariodesanpedro.com.ar\/sitio\/wp-content\/uploads\/2021\/01\/IMG-20210105-WA0039.jpg","jetpack_shortlink":"https:\/\/wp.me\/p6RhLt-mdC","jetpack_sharing_enabled":true,"_links":{"self":[{"href":"https:\/\/eldiariodesanpedro.com.ar\/sitio\/wp-json\/wp\/v2\/posts\/85412","targetHints":{"allow":["GET"]}}],"collection":[{"href":"https:\/\/eldiariodesanpedro.com.ar\/sitio\/wp-json\/wp\/v2\/posts"}],"about":[{"href":"https:\/\/eldiariodesanpedro.com.ar\/sitio\/wp-json\/wp\/v2\/types\/post"}],"author":[{"embeddable":true,"href":"https:\/\/eldiariodesanpedro.com.ar\/sitio\/wp-json\/wp\/v2\/users\/4"}],"replies":[{"embeddable":true,"href":"https:\/\/eldiariodesanpedro.com.ar\/sitio\/wp-json\/wp\/v2\/comments?post=85412"}],"version-history":[{"count":1,"href":"https:\/\/eldiariodesanpedro.com.ar\/sitio\/wp-json\/wp\/v2\/posts\/85412\/revisions"}],"predecessor-version":[{"id":85413,"href":"https:\/\/eldiariodesanpedro.com.ar\/sitio\/wp-json\/wp\/v2\/posts\/85412\/revisions\/85413"}],"wp:featuredmedia":[{"embeddable":true,"href":"https:\/\/eldiariodesanpedro.com.ar\/sitio\/wp-json\/wp\/v2\/media\/85405"}],"wp:attachment":[{"href":"https:\/\/eldiariodesanpedro.com.ar\/sitio\/wp-json\/wp\/v2\/media?parent=85412"}],"wp:term":[{"taxonomy":"category","embeddable":true,"href":"https:\/\/eldiariodesanpedro.com.ar\/sitio\/wp-json\/wp\/v2\/categories?post=85412"},{"taxonomy":"post_tag","embeddable":true,"href":"https:\/\/eldiariodesanpedro.com.ar\/sitio\/wp-json\/wp\/v2\/tags?post=85412"}],"curies":[{"name":"wp","href":"https:\/\/api.w.org\/{rel}","templated":true}]}}