{"id":85410,"date":"2021-01-05T19:26:10","date_gmt":"2021-01-05T22:26:10","guid":{"rendered":"https:\/\/eldiariodesanpedro.com.ar\/sitio\/?p=85410"},"modified":"2021-01-05T19:26:14","modified_gmt":"2021-01-05T22:26:14","slug":"llegan-casi-4-millones-por-una-nueva-etapa-del-fondo-de-reactivacion-cultural-y-turistica","status":"publish","type":"post","link":"https:\/\/eldiariodesanpedro.com.ar\/sitio\/llegan-casi-4-millones-por-una-nueva-etapa-del-fondo-de-reactivacion-cultural-y-turistica\/","title":{"rendered":"Llegan casi 4 millones por una nueva etapa del \u201cFondo de Reactivaci\u00f3n Cultural y Tur\u00edstica"},"content":{"rendered":"<!-- VideographyWP Plugin Message: Automatic video embedding prevented by plugin options. -->\n\n<p>La Secretar\u00eda de Turismo recibi\u00f3 oficialmente este martes 5 de enero la resoluci\u00f3n de distribuci\u00f3n de la Segunda Edici\u00f3n del \u201cFondo Especial Municipal para la Reactivaci\u00f3n Cultural y Tur\u00edstica\u00bb(Rs 2020-745) que vuelve a incluir al Partido de San Pedro.<\/p>\n\n\n\n<p>En el transcurso de la semana, la partida de $ 3.926.868 asignada a San Pedro para ser distribuida entre los establecimientos que ingresaron en el programa estar\u00e1 disponible, y desde la Secretar\u00eda se informar\u00e1 a cada uno de los beneficiarios los pasos a seguir.<\/p>\n\n\n\n<p>La rendici\u00f3n exigida para la utilizaci\u00f3n de estos fondos deber\u00e1 realizarse antes del 1 de marzo del corriente.<\/p>\n\n\n\n<p>Tal como se promocion\u00f3 durante el a\u00f1o pasado, la Provincia a trav\u00e9s del Ministerio de Producci\u00f3n, Ciencia e Innovaci\u00f3n Tecnol\u00f3gica, del que depende la Subsecretar\u00eda de Turismo, lanz\u00f3 esta iniciativa para brindar respaldo econ\u00f3mico y promoci\u00f3n a quienes se inscribieran bajo una serie de pautas en el Cat\u00e1logo Tur\u00edstico y Cultural.<\/p>\n\n\n\n<p>El Fondo Especial Municipal para la Reactivaci\u00f3n Cultural y Tur\u00edstica apunta a respaldar econ\u00f3micamente a establecimientos de la Cultura y el Turismo de la Provincia de Buenos Aires, que fueron dos de los sectores m\u00e1s afectados por la pandemia debido a las restricciones sanitarias que hubo durante el a\u00f1o para las actividades tur\u00edsticas, culturales con p\u00fablico o en espacios cerrados.<\/p>\n\n\n\n<p>En la primera instancia del Fondo, llevada adelante entre mayo y noviembre de este a\u00f1o, la Provincia distribuy\u00f3 300 millones de pesos entre 134 municipios y sum\u00f3 un total de 10.107 inscriptos en el Cat\u00e1logo, entre alojamientos, promotores, espacios de turismo natural o gastron\u00f3mico, bibliotecas, teatros, museos, centros culturales, espacios autogestivos, salas de cine, clubes y sociedades de fomento, entre otros establecimientos bonaerenses dedicados a la actividad cultural o tur\u00edstica.<\/p>\n","protected":false},"excerpt":{"rendered":"<p>La Secretar\u00eda de Turismo recibi\u00f3 oficialmente este martes 5 de enero la resoluci\u00f3n de distribuci\u00f3n de la Segunda Edici\u00f3n del \u201cFondo Especial Municipal para la Reactivaci\u00f3n Cultural y Tur\u00edstica\u00bb(Rs 2020-745) que vuelve a incluir al Partido de San Pedro. En el transcurso de la semana, la partida de $ 3.926.868 asignada a San Pedro para [&hellip;]<\/p>\n","protected":false},"author":4,"featured_media":85408,"comment_status":"open","ping_status":"closed","sticky":false,"template":"","format":"standard","meta":{"om_disable_all_campaigns":false,"_jetpack_memberships_contains_paid_content":false,"footnotes":""},"categories":[50,101,2],"tags":[],"class_list":["post-85410","post","type-post","status-publish","format-standard","has-post-thumbnail","hentry","category-destacadas","category-interes-general-locales","category-locales"],"aioseo_notices":[],"gutentor_comment":0,"jetpack_featured_media_url":"https:\/\/eldiariodesanpedro.com.ar\/sitio\/wp-content\/uploads\/2021\/01\/IMG-20210105-WA0061.jpg","jetpack_shortlink":"https:\/\/wp.me\/p6RhLt-mdA","jetpack_sharing_enabled":true,"_links":{"self":[{"href":"https:\/\/eldiariodesanpedro.com.ar\/sitio\/wp-json\/wp\/v2\/posts\/85410","targetHints":{"allow":["GET"]}}],"collection":[{"href":"https:\/\/eldiariodesanpedro.com.ar\/sitio\/wp-json\/wp\/v2\/posts"}],"about":[{"href":"https:\/\/eldiariodesanpedro.com.ar\/sitio\/wp-json\/wp\/v2\/types\/post"}],"author":[{"embeddable":true,"href":"https:\/\/eldiariodesanpedro.com.ar\/sitio\/wp-json\/wp\/v2\/users\/4"}],"replies":[{"embeddable":true,"href":"https:\/\/eldiariodesanpedro.com.ar\/sitio\/wp-json\/wp\/v2\/comments?post=85410"}],"version-history":[{"count":1,"href":"https:\/\/eldiariodesanpedro.com.ar\/sitio\/wp-json\/wp\/v2\/posts\/85410\/revisions"}],"predecessor-version":[{"id":85411,"href":"https:\/\/eldiariodesanpedro.com.ar\/sitio\/wp-json\/wp\/v2\/posts\/85410\/revisions\/85411"}],"wp:featuredmedia":[{"embeddable":true,"href":"https:\/\/eldiariodesanpedro.com.ar\/sitio\/wp-json\/wp\/v2\/media\/85408"}],"wp:attachment":[{"href":"https:\/\/eldiariodesanpedro.com.ar\/sitio\/wp-json\/wp\/v2\/media?parent=85410"}],"wp:term":[{"taxonomy":"category","embeddable":true,"href":"https:\/\/eldiariodesanpedro.com.ar\/sitio\/wp-json\/wp\/v2\/categories?post=85410"},{"taxonomy":"post_tag","embeddable":true,"href":"https:\/\/eldiariodesanpedro.com.ar\/sitio\/wp-json\/wp\/v2\/tags?post=85410"}],"curies":[{"name":"wp","href":"https:\/\/api.w.org\/{rel}","templated":true}]}}