{"id":85376,"date":"2021-01-05T11:46:11","date_gmt":"2021-01-05T14:46:11","guid":{"rendered":"https:\/\/eldiariodesanpedro.com.ar\/sitio\/?p=85376"},"modified":"2021-01-05T11:46:17","modified_gmt":"2021-01-05T14:46:17","slug":"fuego-en-las-islas-333-000-hectareas-arrasadas-en-2020","status":"publish","type":"post","link":"https:\/\/eldiariodesanpedro.com.ar\/sitio\/fuego-en-las-islas-333-000-hectareas-arrasadas-en-2020\/","title":{"rendered":"Fuego en las islas: 333.000 hect\u00e1reas arrasadas en 2020"},"content":{"rendered":"<!-- VideographyWP Plugin Message: Automatic video embedding prevented by plugin options. -->\n\n<p>El relevamiento surge del trabajo realizado por el Museo de Ciencias Naturales Antonio Scasso de San Nicol\u00e1s, que difunde un resumen por semana. El bi\u00f3logo Jorge Liotta explic\u00f3: la serie fue construida con informaci\u00f3n del sat\u00e9lite Viirs de la Nasa sobre el territorio del Piecas Delta del Paran\u00e1.<\/p>\n\n\n\n<p>El estudio es sobre \u201cfocos de calor\u201d cada 375 metros (que perciben los sensores).&nbsp;Un incendio puede implicar decenas de focos. Incluso puede continuar m\u00e1s de un d\u00eda y moverse. Por eso no hay que confundir \u201cfocos\u201d con \u201cincendios\u201d, concepto que es m\u00e1s amplio y dif\u00edcil de mensurar.<\/p>\n\n\n\n<p>La comparaci\u00f3n con los \u00faltimos a\u00f1os solo confirma lo extraordinario de este 2020. Hay que remontarse a 2008 para encontrar un fen\u00f3meno similar, aunque aquel a\u00f1o que se tom\u00f3 como pico hist\u00f3rico el da\u00f1o provocado al medio ambiente fue menor al actual.<\/p>\n\n\n\n<p>La serie del sat\u00e9lite Viirs no permite la comparaci\u00f3n directa porque comenz\u00f3 a funcionar en 2012. Pero s\u00ed&nbsp;es posible analizar la superficie afectada.&nbsp;Seg\u00fan el Servicio Nacional del Manejo del Fuego (SNMF), los incendios reportados entre el 01\/01\/2020 y el 21\/12\/2020 arrasaron con&nbsp;309.760 hect\u00e1reas en la provincia de Entre R\u00edos. Si se a\u00f1aden los registros de&nbsp;Santa Fe (19.058)&nbsp;y de&nbsp;Buenos Aires (4.657)&nbsp;la cifra asciende a 333.475 hect\u00e1reas.<\/p>\n\n\n\n<p>Esa zona excede al Delta del Paran\u00e1 que contiene a una parte de cada una de esas tres provincias y no su totalidad. Sin embargo, para tener una referencia de la dimensi\u00f3n del ecocidio,&nbsp;en 2008 se estim\u00f3 que el fuego afect\u00f3 a 170 mil hect\u00e1resas del Delta,&nbsp;seg\u00fan consta en&nbsp;la p\u00e1gina del Ministerio de Medio Ambiente de la Naci\u00f3n.<\/p>\n\n\n\n<p>Ya a fines de&nbsp;agosto de este a\u00f1o,&nbsp;el&nbsp;SNMF que depende de Medio Ambiente informaba que en el Delta del Paran\u00e1&nbsp;la superficie afectada por el fuego era de 198.863 hect\u00e1reas&nbsp;(once veces la ciudad de Rosario). A esa altura del a\u00f1o, sin computar los focos de septiembre (que fueron muchos: 6.665), m\u00e1s octubre, noviembre y diciembre, ese c\u00e1lculo parcial superaba lo informado en 2008.<\/p>\n\n\n\n<p>Si se se toman, en cambio, las 333 mil hect\u00e1reas&nbsp;(3.330 kil\u00f3metros cuadrados) implica 18 veces la ciudad de Rosario o m\u00e1s de cinco veces el Gran Rosario,&nbsp;que es una zona que va desde Puerto General San Mart\u00edn, al norte, hasta Arroyo Seco, al sur y Rold\u00e1n, al oeste; que incluye once localidades con m\u00e1s de 1,2 millones de habitantes, adem\u00e1s de campos y granjas. Todo eso, multiplicado por cinco,&nbsp;hecho de fuego, primero, y de cenizas, despu\u00e9s.<\/p>\n\n\n\n<p>Fuente:\u00a0Rosario3<\/p>\n","protected":false},"excerpt":{"rendered":"<p>El relevamiento surge del trabajo realizado por el Museo de Ciencias Naturales Antonio Scasso de San Nicol\u00e1s, que difunde un resumen por semana. El bi\u00f3logo Jorge Liotta explic\u00f3: la serie fue construida con informaci\u00f3n del sat\u00e9lite Viirs de la Nasa sobre el territorio del Piecas Delta del Paran\u00e1. El estudio es sobre \u201cfocos de calor\u201d [&hellip;]<\/p>\n","protected":false},"author":4,"featured_media":84448,"comment_status":"open","ping_status":"closed","sticky":false,"template":"","format":"standard","meta":{"om_disable_all_campaigns":false,"_jetpack_memberships_contains_paid_content":false,"footnotes":""},"categories":[621],"tags":[2079,681],"class_list":["post-85376","post","type-post","status-publish","format-standard","has-post-thumbnail","hentry","category-regionales","tag-fuego-en-las-islas-333-000-hectareas-arrasadas-en-2020","tag-regionales"],"aioseo_notices":[],"gutentor_comment":0,"jetpack_featured_media_url":"https:\/\/eldiariodesanpedro.com.ar\/sitio\/wp-content\/uploads\/2020\/12\/130006747_4174058109277482_3663900100894841386_o.jpg","jetpack_shortlink":"https:\/\/wp.me\/p6RhLt-md2","jetpack_sharing_enabled":true,"_links":{"self":[{"href":"https:\/\/eldiariodesanpedro.com.ar\/sitio\/wp-json\/wp\/v2\/posts\/85376","targetHints":{"allow":["GET"]}}],"collection":[{"href":"https:\/\/eldiariodesanpedro.com.ar\/sitio\/wp-json\/wp\/v2\/posts"}],"about":[{"href":"https:\/\/eldiariodesanpedro.com.ar\/sitio\/wp-json\/wp\/v2\/types\/post"}],"author":[{"embeddable":true,"href":"https:\/\/eldiariodesanpedro.com.ar\/sitio\/wp-json\/wp\/v2\/users\/4"}],"replies":[{"embeddable":true,"href":"https:\/\/eldiariodesanpedro.com.ar\/sitio\/wp-json\/wp\/v2\/comments?post=85376"}],"version-history":[{"count":1,"href":"https:\/\/eldiariodesanpedro.com.ar\/sitio\/wp-json\/wp\/v2\/posts\/85376\/revisions"}],"predecessor-version":[{"id":85377,"href":"https:\/\/eldiariodesanpedro.com.ar\/sitio\/wp-json\/wp\/v2\/posts\/85376\/revisions\/85377"}],"wp:featuredmedia":[{"embeddable":true,"href":"https:\/\/eldiariodesanpedro.com.ar\/sitio\/wp-json\/wp\/v2\/media\/84448"}],"wp:attachment":[{"href":"https:\/\/eldiariodesanpedro.com.ar\/sitio\/wp-json\/wp\/v2\/media?parent=85376"}],"wp:term":[{"taxonomy":"category","embeddable":true,"href":"https:\/\/eldiariodesanpedro.com.ar\/sitio\/wp-json\/wp\/v2\/categories?post=85376"},{"taxonomy":"post_tag","embeddable":true,"href":"https:\/\/eldiariodesanpedro.com.ar\/sitio\/wp-json\/wp\/v2\/tags?post=85376"}],"curies":[{"name":"wp","href":"https:\/\/api.w.org\/{rel}","templated":true}]}}