{"id":85373,"date":"2021-01-05T11:43:11","date_gmt":"2021-01-05T14:43:11","guid":{"rendered":"https:\/\/eldiariodesanpedro.com.ar\/sitio\/?p=85373"},"modified":"2021-01-05T11:43:15","modified_gmt":"2021-01-05T14:43:15","slug":"ypf-aumento-un-29-el-precio-de-sus-combustibles","status":"publish","type":"post","link":"https:\/\/eldiariodesanpedro.com.ar\/sitio\/ypf-aumento-un-29-el-precio-de-sus-combustibles\/","title":{"rendered":"YPF aument\u00f3 un 2,9% el precio de sus combustibles"},"content":{"rendered":"<!-- VideographyWP Plugin Message: Automatic video embedding prevented by plugin options. -->\n\n<p>La petrolera YPF aument\u00f3 desde un 2,9% los precios de las variedades de nafta y gasoil, como consecuencia del traslado a los surtidores del incremento de los biocombustibles autorizados por el Gobierno nacional, inform\u00f3 la compa\u00f1\u00eda.<\/p>\n\n\n\n<p><strong>De esta manera los nuevos precios de referencia vigentes desde este martes en la ciudad de Buenos Aires pasar\u00e1n a ser de $69,40 para la nafta s\u00faper; $80,20 la nafta premium Infinia; $64,60 el diesel 500 y $76,10 el diesel premium Infinia.<\/strong><\/p>\n\n\n\n<p>La compa\u00f1\u00eda que controla m\u00e1s del 55% del mercado de combustibles comunic\u00f3 que \u00aba partir de la madrugada del 5 de enero se ajustar\u00e1 el componente de los biocombustibles\u00bb, es decir el biodiesel y el bioetanol con los cuales las refinadoras realizan las mezclas obligatorias del gasoil y la nafta.<\/p>\n\n\n\n<p>Los aumentos de los dos productos fueron \u00abdispuestos por la autoridad regulatoria\u00bb argument\u00f3 la petrolera al anunciar que el traslado a precios \u00abser\u00e1 del orden del 2,9% tanto en nafta como gasoil en todo el pa\u00eds\u00bb.<\/p>\n\n\n\n<p><strong>Se trata del primer aumento de combustibles dispuesto en el a\u00f1o, al que se descuenta se sumar\u00e1n el resto de las compa\u00f1\u00edas durante las pr\u00f3ximas horas.<\/strong><\/p>\n\n\n\n<p>El \u00faltimo movimiento de precios en los surtidores se hab\u00eda registrado el 16 de diciembre con un incremento del 4,5% promedio, y fue el quinto aplicado desde agosto tras diez meses de congelamiento.<\/p>\n\n\n\n<p>El lunes, a trav\u00e9s de la resoluciones 1\/2021 y 2\/2021 de la Secretar\u00eda de Energ\u00eda, publicados en el Bolet\u00edn Oficial, se fijaron nuevos precios de adquisici\u00f3n de los biocombustibles destinados a su mezcla obligatoria de nafta y gasoil, lo que busca recomponer el atraso de ese precio regulado por el estado desde diciembre de 2019.<\/p>\n\n\n\n<p>Fuente:&nbsp;<a href=\"https:\/\/www.telam.com.ar\/\">Telam<\/a><\/p>\n","protected":false},"excerpt":{"rendered":"<p>La petrolera YPF aument\u00f3 desde un 2,9% los precios de las variedades de nafta y gasoil, como consecuencia del traslado a los surtidores del incremento de los biocombustibles autorizados por el Gobierno nacional, inform\u00f3 la compa\u00f1\u00eda. De esta manera los nuevos precios de referencia vigentes desde este martes en la ciudad de Buenos Aires pasar\u00e1n [&hellip;]<\/p>\n","protected":false},"author":4,"featured_media":85374,"comment_status":"open","ping_status":"closed","sticky":false,"template":"","format":"standard","meta":{"om_disable_all_campaigns":false,"_jetpack_memberships_contains_paid_content":false,"footnotes":""},"categories":[101,2],"tags":[696,33,2077],"class_list":["post-85373","post","type-post","status-publish","format-standard","has-post-thumbnail","hentry","category-interes-general-locales","category-locales","tag-interes-general","tag-locales","tag-ypf-aumento-un-2"],"aioseo_notices":[],"gutentor_comment":0,"jetpack_featured_media_url":"https:\/\/eldiariodesanpedro.com.ar\/sitio\/wp-content\/uploads\/2021\/01\/nafta.jpg","jetpack_shortlink":"https:\/\/wp.me\/p6RhLt-mcZ","jetpack_sharing_enabled":true,"_links":{"self":[{"href":"https:\/\/eldiariodesanpedro.com.ar\/sitio\/wp-json\/wp\/v2\/posts\/85373","targetHints":{"allow":["GET"]}}],"collection":[{"href":"https:\/\/eldiariodesanpedro.com.ar\/sitio\/wp-json\/wp\/v2\/posts"}],"about":[{"href":"https:\/\/eldiariodesanpedro.com.ar\/sitio\/wp-json\/wp\/v2\/types\/post"}],"author":[{"embeddable":true,"href":"https:\/\/eldiariodesanpedro.com.ar\/sitio\/wp-json\/wp\/v2\/users\/4"}],"replies":[{"embeddable":true,"href":"https:\/\/eldiariodesanpedro.com.ar\/sitio\/wp-json\/wp\/v2\/comments?post=85373"}],"version-history":[{"count":1,"href":"https:\/\/eldiariodesanpedro.com.ar\/sitio\/wp-json\/wp\/v2\/posts\/85373\/revisions"}],"predecessor-version":[{"id":85375,"href":"https:\/\/eldiariodesanpedro.com.ar\/sitio\/wp-json\/wp\/v2\/posts\/85373\/revisions\/85375"}],"wp:featuredmedia":[{"embeddable":true,"href":"https:\/\/eldiariodesanpedro.com.ar\/sitio\/wp-json\/wp\/v2\/media\/85374"}],"wp:attachment":[{"href":"https:\/\/eldiariodesanpedro.com.ar\/sitio\/wp-json\/wp\/v2\/media?parent=85373"}],"wp:term":[{"taxonomy":"category","embeddable":true,"href":"https:\/\/eldiariodesanpedro.com.ar\/sitio\/wp-json\/wp\/v2\/categories?post=85373"},{"taxonomy":"post_tag","embeddable":true,"href":"https:\/\/eldiariodesanpedro.com.ar\/sitio\/wp-json\/wp\/v2\/tags?post=85373"}],"curies":[{"name":"wp","href":"https:\/\/api.w.org\/{rel}","templated":true}]}}