{"id":85370,"date":"2021-01-05T11:40:49","date_gmt":"2021-01-05T14:40:49","guid":{"rendered":"https:\/\/eldiariodesanpedro.com.ar\/sitio\/?p=85370"},"modified":"2021-01-05T11:40:53","modified_gmt":"2021-01-05T14:40:53","slug":"se-recupero-un-celular-robado-a-un-ciudadano-en-rio-tala","status":"publish","type":"post","link":"https:\/\/eldiariodesanpedro.com.ar\/sitio\/se-recupero-un-celular-robado-a-un-ciudadano-en-rio-tala\/","title":{"rendered":"Se recupero un celular robado a un ciudadano en R\u00edo Tala"},"content":{"rendered":"<!-- VideographyWP Plugin Message: Automatic video embedding prevented by plugin options. -->\n\n<p>En la noche de ayer el personal del destacamento en un r\u00e1pido accionar en Batalla del Tala al 500 de esa localidad, aprehende a masculino de 16 a\u00f1os secuestrado en su poder celular, que sustrajo instantes antes&nbsp; en Cisi y Veteranos de Malvinas v\u00eda p\u00fablica , a masculino de 38 a\u00f1os, mediante modalidad arrebato.&nbsp;<\/p>\n\n\n\n<p>Intervino la justicia juvenil, disponiendo para el menor notificaci\u00f3n causa y su restituci\u00f3n a familiares, prosiguiendo el proceso penal. La v\u00edctima result\u00f3 ilesa y se le restituyo el tel\u00e9fono\u00a0 recuperado.<\/p>\n","protected":false},"excerpt":{"rendered":"<p>En la noche de ayer el personal del destacamento en un r\u00e1pido accionar en Batalla del Tala al 500 de esa localidad, aprehende a masculino de 16 a\u00f1os secuestrado en su poder celular, que sustrajo instantes antes&nbsp; en Cisi y Veteranos de Malvinas v\u00eda p\u00fablica , a masculino de 38 a\u00f1os, mediante modalidad arrebato.&nbsp; Intervino [&hellip;]<\/p>\n","protected":false},"author":4,"featured_media":85371,"comment_status":"open","ping_status":"closed","sticky":false,"template":"","format":"standard","meta":{"om_disable_all_campaigns":false,"_jetpack_memberships_contains_paid_content":false,"footnotes":""},"categories":[2,103],"tags":[197,33,95,2076],"class_list":["post-85370","post","type-post","status-publish","format-standard","has-post-thumbnail","hentry","category-locales","category-policiales-locales","tag-buenos-aires","tag-locales","tag-policiales","tag-se-recupero-un-celular-robado-a-un-ciudadano-en-rio-tala"],"aioseo_notices":[],"gutentor_comment":0,"jetpack_featured_media_url":"https:\/\/eldiariodesanpedro.com.ar\/sitio\/wp-content\/uploads\/2021\/01\/Sin-titulo-1.jpg","jetpack_shortlink":"https:\/\/wp.me\/p6RhLt-mcW","jetpack_sharing_enabled":true,"_links":{"self":[{"href":"https:\/\/eldiariodesanpedro.com.ar\/sitio\/wp-json\/wp\/v2\/posts\/85370","targetHints":{"allow":["GET"]}}],"collection":[{"href":"https:\/\/eldiariodesanpedro.com.ar\/sitio\/wp-json\/wp\/v2\/posts"}],"about":[{"href":"https:\/\/eldiariodesanpedro.com.ar\/sitio\/wp-json\/wp\/v2\/types\/post"}],"author":[{"embeddable":true,"href":"https:\/\/eldiariodesanpedro.com.ar\/sitio\/wp-json\/wp\/v2\/users\/4"}],"replies":[{"embeddable":true,"href":"https:\/\/eldiariodesanpedro.com.ar\/sitio\/wp-json\/wp\/v2\/comments?post=85370"}],"version-history":[{"count":1,"href":"https:\/\/eldiariodesanpedro.com.ar\/sitio\/wp-json\/wp\/v2\/posts\/85370\/revisions"}],"predecessor-version":[{"id":85372,"href":"https:\/\/eldiariodesanpedro.com.ar\/sitio\/wp-json\/wp\/v2\/posts\/85370\/revisions\/85372"}],"wp:featuredmedia":[{"embeddable":true,"href":"https:\/\/eldiariodesanpedro.com.ar\/sitio\/wp-json\/wp\/v2\/media\/85371"}],"wp:attachment":[{"href":"https:\/\/eldiariodesanpedro.com.ar\/sitio\/wp-json\/wp\/v2\/media?parent=85370"}],"wp:term":[{"taxonomy":"category","embeddable":true,"href":"https:\/\/eldiariodesanpedro.com.ar\/sitio\/wp-json\/wp\/v2\/categories?post=85370"},{"taxonomy":"post_tag","embeddable":true,"href":"https:\/\/eldiariodesanpedro.com.ar\/sitio\/wp-json\/wp\/v2\/tags?post=85370"}],"curies":[{"name":"wp","href":"https:\/\/api.w.org\/{rel}","templated":true}]}}