{"id":85368,"date":"2021-01-05T11:21:41","date_gmt":"2021-01-05T14:21:41","guid":{"rendered":"https:\/\/eldiariodesanpedro.com.ar\/sitio\/?p=85368"},"modified":"2021-01-05T11:21:45","modified_gmt":"2021-01-05T14:21:45","slug":"se-secuestraron-una-escopeta-una-carabina-y-una-pistola-en-allanamiento","status":"publish","type":"post","link":"https:\/\/eldiariodesanpedro.com.ar\/sitio\/se-secuestraron-una-escopeta-una-carabina-y-una-pistola-en-allanamiento\/","title":{"rendered":"Se secuestraron una escopeta, una carabina y una pistola en allanamiento"},"content":{"rendered":"<!-- VideographyWP Plugin Message: Automatic video embedding prevented by plugin options. -->\n\n<p>Este lunes el personal del grupo GTO a cargo de Guillermo Turci realiz\u00f3 un allanamiento que tuvo como resultado positivo con secuestro de armas de fuego.<\/p>\n\n\n\n<p>El personal del Gabinete Criminol\u00f3gico de la Comisar\u00eda diligenci\u00f3 una orden de allanamiento extendido por la justicia ordinaria, en el marco de la causa que tramite la fiscal\u00eda local por abuso de armas.&nbsp;<\/p>\n\n\n\n<p>El resultado del operativo fue positivo y se procedi\u00f3 al secuestro de armas de fuego que requer\u00eda la orden judicial, a saber&nbsp; escopeta calibre 12\/70, una carabina calibre 22 con mira telesc\u00f3pica colocada y una pistola calibre 22, cartucher\u00eda de distintos calibre intactos.&nbsp;<\/p>\n\n\n\n<p>Respecto del morador un masculino ,mayor de edad, fue notificado de la formaci\u00f3n causa, prosiguiendo el tratamiento penal la justicia local.<\/p>\n","protected":false},"excerpt":{"rendered":"<p>Este lunes el personal del grupo GTO a cargo de Guillermo Turci realiz\u00f3 un allanamiento que tuvo como resultado positivo con secuestro de armas de fuego. El personal del Gabinete Criminol\u00f3gico de la Comisar\u00eda diligenci\u00f3 una orden de allanamiento extendido por la justicia ordinaria, en el marco de la causa que tramite la fiscal\u00eda local [&hellip;]<\/p>\n","protected":false},"author":4,"featured_media":85357,"comment_status":"open","ping_status":"closed","sticky":false,"template":"","format":"standard","meta":{"om_disable_all_campaigns":false,"_jetpack_memberships_contains_paid_content":false,"footnotes":""},"categories":[50,2,103],"tags":[122,33,95,2073,2075],"class_list":["post-85368","post","type-post","status-publish","format-standard","has-post-thumbnail","hentry","category-destacadas","category-locales","category-policiales-locales","tag-allanamiento","tag-locales","tag-policiales","tag-se-secuestraron-una-escopeta","tag-una-carabina-y-una-pistola-en-allanamiento"],"aioseo_notices":[],"gutentor_comment":0,"jetpack_featured_media_url":"https:\/\/eldiariodesanpedro.com.ar\/sitio\/wp-content\/uploads\/2021\/01\/IMG-20210105-WA0016.jpg","jetpack_shortlink":"https:\/\/wp.me\/p6RhLt-mcU","jetpack_sharing_enabled":true,"_links":{"self":[{"href":"https:\/\/eldiariodesanpedro.com.ar\/sitio\/wp-json\/wp\/v2\/posts\/85368","targetHints":{"allow":["GET"]}}],"collection":[{"href":"https:\/\/eldiariodesanpedro.com.ar\/sitio\/wp-json\/wp\/v2\/posts"}],"about":[{"href":"https:\/\/eldiariodesanpedro.com.ar\/sitio\/wp-json\/wp\/v2\/types\/post"}],"author":[{"embeddable":true,"href":"https:\/\/eldiariodesanpedro.com.ar\/sitio\/wp-json\/wp\/v2\/users\/4"}],"replies":[{"embeddable":true,"href":"https:\/\/eldiariodesanpedro.com.ar\/sitio\/wp-json\/wp\/v2\/comments?post=85368"}],"version-history":[{"count":1,"href":"https:\/\/eldiariodesanpedro.com.ar\/sitio\/wp-json\/wp\/v2\/posts\/85368\/revisions"}],"predecessor-version":[{"id":85369,"href":"https:\/\/eldiariodesanpedro.com.ar\/sitio\/wp-json\/wp\/v2\/posts\/85368\/revisions\/85369"}],"wp:featuredmedia":[{"embeddable":true,"href":"https:\/\/eldiariodesanpedro.com.ar\/sitio\/wp-json\/wp\/v2\/media\/85357"}],"wp:attachment":[{"href":"https:\/\/eldiariodesanpedro.com.ar\/sitio\/wp-json\/wp\/v2\/media?parent=85368"}],"wp:term":[{"taxonomy":"category","embeddable":true,"href":"https:\/\/eldiariodesanpedro.com.ar\/sitio\/wp-json\/wp\/v2\/categories?post=85368"},{"taxonomy":"post_tag","embeddable":true,"href":"https:\/\/eldiariodesanpedro.com.ar\/sitio\/wp-json\/wp\/v2\/tags?post=85368"}],"curies":[{"name":"wp","href":"https:\/\/api.w.org\/{rel}","templated":true}]}}