{"id":85364,"date":"2021-01-05T11:09:19","date_gmt":"2021-01-05T14:09:19","guid":{"rendered":"https:\/\/eldiariodesanpedro.com.ar\/sitio\/?p=85364"},"modified":"2021-01-05T11:09:22","modified_gmt":"2021-01-05T14:09:22","slug":"un-ciudadano-aprendido-por-violar-restriccion-perimetral","status":"publish","type":"post","link":"https:\/\/eldiariodesanpedro.com.ar\/sitio\/un-ciudadano-aprendido-por-violar-restriccion-perimetral\/","title":{"rendered":"Un ciudadano aprendido por violar restricci\u00f3n perimetral"},"content":{"rendered":"<!-- VideographyWP Plugin Message: Automatic video embedding prevented by plugin options. -->\n\n<p>En la tarde de ayer lunes el personal policial de la comisar\u00eda&nbsp; tras ser alertado, se constituy\u00f3 en un domicilio particular de calle Litoral al 800 y aprehende a masculino de 66 a\u00f1os de edad, violando el per\u00edmetro judicial dispuesto por la justicia en el marco de causa por violencia familiar anterior.&nbsp;<\/p>\n\n\n\n<p>En el lugar reside la ex pareja del aprehendido, una mujer de 49 a\u00f1os de edad, que radic\u00f3 la correspondiente denuncia.&nbsp;<\/p>\n\n\n\n<p>El aprehendido permanece en sede judicial a disposici\u00f3n de la justicia local<\/p>\n","protected":false},"excerpt":{"rendered":"<p>En la tarde de ayer lunes el personal policial de la comisar\u00eda&nbsp; tras ser alertado, se constituy\u00f3 en un domicilio particular de calle Litoral al 800 y aprehende a masculino de 66 a\u00f1os de edad, violando el per\u00edmetro judicial dispuesto por la justicia en el marco de causa por violencia familiar anterior.&nbsp; En el lugar [&hellip;]<\/p>\n","protected":false},"author":4,"featured_media":85358,"comment_status":"open","ping_status":"closed","sticky":false,"template":"","format":"standard","meta":{"om_disable_all_campaigns":false,"_jetpack_memberships_contains_paid_content":false,"footnotes":""},"categories":[2,103],"tags":[2071,33],"class_list":["post-85364","post","type-post","status-publish","format-standard","has-post-thumbnail","hentry","category-locales","category-policiales-locales","tag-desobediencia","tag-locales"],"aioseo_notices":[],"gutentor_comment":0,"jetpack_featured_media_url":"https:\/\/eldiariodesanpedro.com.ar\/sitio\/wp-content\/uploads\/2021\/01\/IMG-20210105-WA0015.jpg","jetpack_shortlink":"https:\/\/wp.me\/p6RhLt-mcQ","jetpack_sharing_enabled":true,"_links":{"self":[{"href":"https:\/\/eldiariodesanpedro.com.ar\/sitio\/wp-json\/wp\/v2\/posts\/85364","targetHints":{"allow":["GET"]}}],"collection":[{"href":"https:\/\/eldiariodesanpedro.com.ar\/sitio\/wp-json\/wp\/v2\/posts"}],"about":[{"href":"https:\/\/eldiariodesanpedro.com.ar\/sitio\/wp-json\/wp\/v2\/types\/post"}],"author":[{"embeddable":true,"href":"https:\/\/eldiariodesanpedro.com.ar\/sitio\/wp-json\/wp\/v2\/users\/4"}],"replies":[{"embeddable":true,"href":"https:\/\/eldiariodesanpedro.com.ar\/sitio\/wp-json\/wp\/v2\/comments?post=85364"}],"version-history":[{"count":1,"href":"https:\/\/eldiariodesanpedro.com.ar\/sitio\/wp-json\/wp\/v2\/posts\/85364\/revisions"}],"predecessor-version":[{"id":85365,"href":"https:\/\/eldiariodesanpedro.com.ar\/sitio\/wp-json\/wp\/v2\/posts\/85364\/revisions\/85365"}],"wp:featuredmedia":[{"embeddable":true,"href":"https:\/\/eldiariodesanpedro.com.ar\/sitio\/wp-json\/wp\/v2\/media\/85358"}],"wp:attachment":[{"href":"https:\/\/eldiariodesanpedro.com.ar\/sitio\/wp-json\/wp\/v2\/media?parent=85364"}],"wp:term":[{"taxonomy":"category","embeddable":true,"href":"https:\/\/eldiariodesanpedro.com.ar\/sitio\/wp-json\/wp\/v2\/categories?post=85364"},{"taxonomy":"post_tag","embeddable":true,"href":"https:\/\/eldiariodesanpedro.com.ar\/sitio\/wp-json\/wp\/v2\/tags?post=85364"}],"curies":[{"name":"wp","href":"https:\/\/api.w.org\/{rel}","templated":true}]}}