{"id":85347,"date":"2021-01-05T10:05:56","date_gmt":"2021-01-05T13:05:56","guid":{"rendered":"https:\/\/eldiariodesanpedro.com.ar\/sitio\/?p=85347"},"modified":"2021-01-05T10:06:00","modified_gmt":"2021-01-05T13:06:00","slug":"salazar-se-reunio-con-la-jueza-de-paz-por-la-preocupacion-ante-las-fiestas-clandestinas","status":"publish","type":"post","link":"https:\/\/eldiariodesanpedro.com.ar\/sitio\/salazar-se-reunio-con-la-jueza-de-paz-por-la-preocupacion-ante-las-fiestas-clandestinas\/","title":{"rendered":"Salazar se reuni\u00f3 con la Jueza de Paz por la preocupaci\u00f3n ante las fiestas clandestinas"},"content":{"rendered":"<!-- VideographyWP Plugin Message: Automatic video embedding prevented by plugin options. -->\n\n<p>El Intendente interno Dr. Ram\u00f3n Salazar recibi\u00f3 este lunes en el despacho oficial a la Jueza Paz de San Pedro, Dra. Jimena G\u00f3mez, para analizar la situaci\u00f3n general relacionada con las intervenciones que se han realizado en las \u00faltimas horas por infracci\u00f3n a las disposiciones vigentes en el marco del DISPO y el control de la Pandemia.<\/p>\n\n\n\n<p>En el encuentro tambi\u00e9n estuvo presente el Director de Tr\u00e1nsito y Nocturnidad Luis Caram\u00fan.<\/p>\n\n\n\n<p>En la charla se analiz\u00f3 el panorama general, las dificultades que se enfrentan ante las convocatorias a domicilios particulares para la realizaci\u00f3n de fiestas no autorizadas y la profundizaci\u00f3n del trabajo conjunto para aplicar las sanciones que correspondan a quienes tienen responsabilidades en estas acciones irresponsables que incrementan los riesgos de contagios y circulaci\u00f3n del Covid-19.<\/p>\n\n\n\n<p>En coordinaci\u00f3n con la Municipalidad y la Polic\u00eda se analiza profundizar\u00e1n las acciones para sancionar de manera efectiva a los bares o restaurantes que contin\u00faan con eventos m\u00e1s all\u00e1 de los horarios autorizados. Tambi\u00e9n habr\u00e1 un control mayor en el respeto de los protocolos, fundamentalmente ante el no uso de barbijos entre el personal y la falta de alcohol en gel.<\/p>\n\n\n\n<figure class=\"wp-block-image size-large\"><img decoding=\"async\" width=\"640\" height=\"480\" data-attachment-id=\"85337\" data-permalink=\"https:\/\/eldiariodesanpedro.com.ar\/sitio\/img-20210105-wa0003\/\" data-orig-file=\"https:\/\/eldiariodesanpedro.com.ar\/sitio\/wp-content\/uploads\/2021\/01\/IMG-20210105-WA0003.jpg\" data-orig-size=\"640,480\" data-comments-opened=\"1\" data-image-meta=\"{&quot;aperture&quot;:&quot;0&quot;,&quot;credit&quot;:&quot;&quot;,&quot;camera&quot;:&quot;&quot;,&quot;caption&quot;:&quot;&quot;,&quot;created_timestamp&quot;:&quot;0&quot;,&quot;copyright&quot;:&quot;&quot;,&quot;focal_length&quot;:&quot;0&quot;,&quot;iso&quot;:&quot;0&quot;,&quot;shutter_speed&quot;:&quot;0&quot;,&quot;title&quot;:&quot;&quot;,&quot;orientation&quot;:&quot;0&quot;}\" data-image-title=\"IMG-20210105-WA0003\" data-image-description=\"\" data-image-caption=\"\" data-large-file=\"https:\/\/eldiariodesanpedro.com.ar\/sitio\/wp-content\/uploads\/2021\/01\/IMG-20210105-WA0003.jpg\" data-src=\"https:\/\/eldiariodesanpedro.com.ar\/sitio\/wp-content\/uploads\/2021\/01\/IMG-20210105-WA0003.jpg\" alt=\"\" class=\"wp-image-85337 lazyload\" data-srcset=\"https:\/\/eldiariodesanpedro.com.ar\/sitio\/wp-content\/uploads\/2021\/01\/IMG-20210105-WA0003.jpg 640w, https:\/\/eldiariodesanpedro.com.ar\/sitio\/wp-content\/uploads\/2021\/01\/IMG-20210105-WA0003-300x225.jpg 300w, https:\/\/eldiariodesanpedro.com.ar\/sitio\/wp-content\/uploads\/2021\/01\/IMG-20210105-WA0003-500x375.jpg 500w\" data-sizes=\"(max-width: 640px) 100vw, 640px\" src=\"data:image\/svg+xml;base64,PHN2ZyB3aWR0aD0iMSIgaGVpZ2h0PSIxIiB4bWxucz0iaHR0cDovL3d3dy53My5vcmcvMjAwMC9zdmciPjwvc3ZnPg==\" style=\"--smush-placeholder-width: 640px; --smush-placeholder-aspect-ratio: 640\/480;\" \/><\/figure>\n","protected":false},"excerpt":{"rendered":"<p>El Intendente interno Dr. Ram\u00f3n Salazar recibi\u00f3 este lunes en el despacho oficial a la Jueza Paz de San Pedro, Dra. Jimena G\u00f3mez, para analizar la situaci\u00f3n general relacionada con las intervenciones que se han realizado en las \u00faltimas horas por infracci\u00f3n a las disposiciones vigentes en el marco del DISPO y el control de [&hellip;]<\/p>\n","protected":false},"author":4,"featured_media":85335,"comment_status":"open","ping_status":"closed","sticky":false,"template":"","format":"standard","meta":{"om_disable_all_campaigns":false,"_jetpack_memberships_contains_paid_content":false,"footnotes":""},"categories":[50,101,2],"tags":[2069],"class_list":["post-85347","post","type-post","status-publish","format-standard","has-post-thumbnail","hentry","category-destacadas","category-interes-general-locales","category-locales","tag-salazar-se-reunio-con-la-jueza-de-paz-por-la-preocupacion-ante-las-fiestas-clandestinas"],"aioseo_notices":[],"gutentor_comment":0,"jetpack_featured_media_url":"https:\/\/eldiariodesanpedro.com.ar\/sitio\/wp-content\/uploads\/2021\/01\/IMG-20210105-WA0005.jpg","jetpack_shortlink":"https:\/\/wp.me\/p6RhLt-mcz","jetpack_sharing_enabled":true,"_links":{"self":[{"href":"https:\/\/eldiariodesanpedro.com.ar\/sitio\/wp-json\/wp\/v2\/posts\/85347","targetHints":{"allow":["GET"]}}],"collection":[{"href":"https:\/\/eldiariodesanpedro.com.ar\/sitio\/wp-json\/wp\/v2\/posts"}],"about":[{"href":"https:\/\/eldiariodesanpedro.com.ar\/sitio\/wp-json\/wp\/v2\/types\/post"}],"author":[{"embeddable":true,"href":"https:\/\/eldiariodesanpedro.com.ar\/sitio\/wp-json\/wp\/v2\/users\/4"}],"replies":[{"embeddable":true,"href":"https:\/\/eldiariodesanpedro.com.ar\/sitio\/wp-json\/wp\/v2\/comments?post=85347"}],"version-history":[{"count":1,"href":"https:\/\/eldiariodesanpedro.com.ar\/sitio\/wp-json\/wp\/v2\/posts\/85347\/revisions"}],"predecessor-version":[{"id":85351,"href":"https:\/\/eldiariodesanpedro.com.ar\/sitio\/wp-json\/wp\/v2\/posts\/85347\/revisions\/85351"}],"wp:featuredmedia":[{"embeddable":true,"href":"https:\/\/eldiariodesanpedro.com.ar\/sitio\/wp-json\/wp\/v2\/media\/85335"}],"wp:attachment":[{"href":"https:\/\/eldiariodesanpedro.com.ar\/sitio\/wp-json\/wp\/v2\/media?parent=85347"}],"wp:term":[{"taxonomy":"category","embeddable":true,"href":"https:\/\/eldiariodesanpedro.com.ar\/sitio\/wp-json\/wp\/v2\/categories?post=85347"},{"taxonomy":"post_tag","embeddable":true,"href":"https:\/\/eldiariodesanpedro.com.ar\/sitio\/wp-json\/wp\/v2\/tags?post=85347"}],"curies":[{"name":"wp","href":"https:\/\/api.w.org\/{rel}","templated":true}]}}