{"id":8532,"date":"2016-10-02T18:14:29","date_gmt":"2016-10-02T21:14:29","guid":{"rendered":"https:\/\/eldiariodesanpedro.com.ar\/sitio\/?p=8532"},"modified":"2016-10-02T18:14:29","modified_gmt":"2016-10-02T21:14:29","slug":"el-intendente-salazar-superviso-las-obras-en-rutas-1001-y-191","status":"publish","type":"post","link":"https:\/\/eldiariodesanpedro.com.ar\/sitio\/el-intendente-salazar-superviso-las-obras-en-rutas-1001-y-191\/","title":{"rendered":"El intendente Salazar supervis\u00f3 las obras en rutas 1001 y 191"},"content":{"rendered":"<p><!-- VideographyWP Plugin Message: Automatic video embedding prevented by plugin options. --><br \/>\nEste s\u00e1bado por la ma\u00f1ana, el intendente Cecilio Salazar, acompa\u00f1ado por su secretario de Econom\u00eda, recorri\u00f3 tanto la ruta 191 como la 1001, donde se realizan obras de reparaci\u00f3n y repavimentaci\u00f3n de la calzada.<br \/>\nProducto de las obras, hay sectores en los que se debieron hacer desv\u00edos al tr\u00e1nsito, por lo que se les recuerda a los conductores que deben circular con precauci\u00f3n.<br \/>\nAhora la empresa IARSA, a cargo de la obra, se encuentra trabajando en los ingresos. Cabe recordar que se tratan de trabajos distintos: en la entrada a la ciudad por R\u00edo Tala es una obra de repavimentaci\u00f3n completa, mientras que en la otra se trata de la reparaci\u00f3n de algunas de las placas de hormig\u00f3n que han sido da\u00f1adas en los \u00faltimos a\u00f1os. <\/p>\n","protected":false},"excerpt":{"rendered":"<p>Este s\u00e1bado por la ma\u00f1ana, el intendente Cecilio Salazar, acompa\u00f1ado por su secretario de Econom\u00eda, recorri\u00f3 tanto la ruta 191 como la 1001, donde se realizan obras de reparaci\u00f3n y repavimentaci\u00f3n de la calzada. Producto de las obras, hay sectores en los que se debieron hacer desv\u00edos al tr\u00e1nsito, por lo que se les recuerda [&hellip;]<\/p>\n","protected":false},"author":4,"featured_media":8533,"comment_status":"open","ping_status":"closed","sticky":false,"template":"","format":"standard","meta":{"om_disable_all_campaigns":false,"_jetpack_memberships_contains_paid_content":false,"footnotes":""},"categories":[50,2,102],"tags":[],"class_list":["post-8532","post","type-post","status-publish","format-standard","has-post-thumbnail","hentry","category-destacadas","category-locales","category-politica-locales"],"aioseo_notices":[],"gutentor_comment":0,"jetpack_featured_media_url":"https:\/\/eldiariodesanpedro.com.ar\/sitio\/wp-content\/uploads\/2016\/10\/PAGINA-5-01.jpeg","jetpack_shortlink":"https:\/\/wp.me\/p6RhLt-2dC","jetpack_sharing_enabled":true,"_links":{"self":[{"href":"https:\/\/eldiariodesanpedro.com.ar\/sitio\/wp-json\/wp\/v2\/posts\/8532","targetHints":{"allow":["GET"]}}],"collection":[{"href":"https:\/\/eldiariodesanpedro.com.ar\/sitio\/wp-json\/wp\/v2\/posts"}],"about":[{"href":"https:\/\/eldiariodesanpedro.com.ar\/sitio\/wp-json\/wp\/v2\/types\/post"}],"author":[{"embeddable":true,"href":"https:\/\/eldiariodesanpedro.com.ar\/sitio\/wp-json\/wp\/v2\/users\/4"}],"replies":[{"embeddable":true,"href":"https:\/\/eldiariodesanpedro.com.ar\/sitio\/wp-json\/wp\/v2\/comments?post=8532"}],"version-history":[{"count":1,"href":"https:\/\/eldiariodesanpedro.com.ar\/sitio\/wp-json\/wp\/v2\/posts\/8532\/revisions"}],"predecessor-version":[{"id":8534,"href":"https:\/\/eldiariodesanpedro.com.ar\/sitio\/wp-json\/wp\/v2\/posts\/8532\/revisions\/8534"}],"wp:featuredmedia":[{"embeddable":true,"href":"https:\/\/eldiariodesanpedro.com.ar\/sitio\/wp-json\/wp\/v2\/media\/8533"}],"wp:attachment":[{"href":"https:\/\/eldiariodesanpedro.com.ar\/sitio\/wp-json\/wp\/v2\/media?parent=8532"}],"wp:term":[{"taxonomy":"category","embeddable":true,"href":"https:\/\/eldiariodesanpedro.com.ar\/sitio\/wp-json\/wp\/v2\/categories?post=8532"},{"taxonomy":"post_tag","embeddable":true,"href":"https:\/\/eldiariodesanpedro.com.ar\/sitio\/wp-json\/wp\/v2\/tags?post=8532"}],"curies":[{"name":"wp","href":"https:\/\/api.w.org\/{rel}","templated":true}]}}