{"id":85292,"date":"2021-01-04T19:03:19","date_gmt":"2021-01-04T22:03:19","guid":{"rendered":"https:\/\/eldiariodesanpedro.com.ar\/sitio\/?p=85292"},"modified":"2021-01-04T19:03:23","modified_gmt":"2021-01-04T22:03:23","slug":"el-ejecutivo-evalua-aplicar-multas-de-gran-valor-a-quienes-organicen-fiestas-clandestinas","status":"publish","type":"post","link":"https:\/\/eldiariodesanpedro.com.ar\/sitio\/el-ejecutivo-evalua-aplicar-multas-de-gran-valor-a-quienes-organicen-fiestas-clandestinas\/","title":{"rendered":"El ejecutivo eval\u00faa aplicar multas de gran valor a quienes organicen fiestas clandestinas"},"content":{"rendered":"<!-- VideographyWP Plugin Message: Automatic video embedding prevented by plugin options. -->\n\n<p>En la jornada de hoy hablo el Intendente Interino Ramon Salazar preocupado por la situaci\u00f3n de aumento de casos de coronavirus quien tras la gran cantidad de fiestas clandestinas, eval\u00faan con el ejecutivo y el HCD la manera de crear una ordenanza para sancionar con multas de gran valor a quienes organicen las fiestas o a los propietarios de los domicilios donde se realizan estos eventos.<\/p>\n\n\n\n<p> Este fin de semana solamente el personal de inspecci\u00f3n debi\u00f3 cerrar seis fiestas de gran convocatoria de personas sin contar muchas otras que fueron desbaratadas por la polic\u00eda.<\/p>\n\n\n\n<p>Hasta el momento una persona solo recib\u00eda una sanci\u00f3n por la falta al articulo 205 y se informa al Juzgado Federal N\u00ba 2 de San Nicol\u00e1s, pero teniendo en cuenta la gran cantidad de sancionados, no estar\u00edan recibiendo el castigo correspondiente. <\/p>\n\n\n\n<p><\/p>\n","protected":false},"excerpt":{"rendered":"<p>En la jornada de hoy hablo el Intendente Interino Ramon Salazar preocupado por la situaci\u00f3n de aumento de casos de coronavirus quien tras la gran cantidad de fiestas clandestinas, eval\u00faan con el ejecutivo y el HCD la manera de crear una ordenanza para sancionar con multas de gran valor a quienes organicen las fiestas o [&hellip;]<\/p>\n","protected":false},"author":4,"featured_media":85293,"comment_status":"open","ping_status":"closed","sticky":false,"template":"","format":"standard","meta":{"om_disable_all_campaigns":false,"_jetpack_memberships_contains_paid_content":false,"footnotes":""},"categories":[50,101,2],"tags":[197,1031,33],"class_list":["post-85292","post","type-post","status-publish","format-standard","has-post-thumbnail","hentry","category-destacadas","category-interes-general-locales","category-locales","tag-buenos-aires","tag-interes-general-2","tag-locales"],"aioseo_notices":[],"gutentor_comment":0,"jetpack_featured_media_url":"https:\/\/eldiariodesanpedro.com.ar\/sitio\/wp-content\/uploads\/2021\/01\/Snapshot_5.png","jetpack_shortlink":"https:\/\/wp.me\/p6RhLt-mbG","jetpack_sharing_enabled":true,"_links":{"self":[{"href":"https:\/\/eldiariodesanpedro.com.ar\/sitio\/wp-json\/wp\/v2\/posts\/85292","targetHints":{"allow":["GET"]}}],"collection":[{"href":"https:\/\/eldiariodesanpedro.com.ar\/sitio\/wp-json\/wp\/v2\/posts"}],"about":[{"href":"https:\/\/eldiariodesanpedro.com.ar\/sitio\/wp-json\/wp\/v2\/types\/post"}],"author":[{"embeddable":true,"href":"https:\/\/eldiariodesanpedro.com.ar\/sitio\/wp-json\/wp\/v2\/users\/4"}],"replies":[{"embeddable":true,"href":"https:\/\/eldiariodesanpedro.com.ar\/sitio\/wp-json\/wp\/v2\/comments?post=85292"}],"version-history":[{"count":1,"href":"https:\/\/eldiariodesanpedro.com.ar\/sitio\/wp-json\/wp\/v2\/posts\/85292\/revisions"}],"predecessor-version":[{"id":85294,"href":"https:\/\/eldiariodesanpedro.com.ar\/sitio\/wp-json\/wp\/v2\/posts\/85292\/revisions\/85294"}],"wp:featuredmedia":[{"embeddable":true,"href":"https:\/\/eldiariodesanpedro.com.ar\/sitio\/wp-json\/wp\/v2\/media\/85293"}],"wp:attachment":[{"href":"https:\/\/eldiariodesanpedro.com.ar\/sitio\/wp-json\/wp\/v2\/media?parent=85292"}],"wp:term":[{"taxonomy":"category","embeddable":true,"href":"https:\/\/eldiariodesanpedro.com.ar\/sitio\/wp-json\/wp\/v2\/categories?post=85292"},{"taxonomy":"post_tag","embeddable":true,"href":"https:\/\/eldiariodesanpedro.com.ar\/sitio\/wp-json\/wp\/v2\/tags?post=85292"}],"curies":[{"name":"wp","href":"https:\/\/api.w.org\/{rel}","templated":true}]}}