{"id":8526,"date":"2016-10-02T18:10:28","date_gmt":"2016-10-02T21:10:28","guid":{"rendered":"https:\/\/eldiariodesanpedro.com.ar\/sitio\/?p=8526"},"modified":"2016-10-02T18:10:28","modified_gmt":"2016-10-02T21:10:28","slug":"se-realizo-el-2-encuentro-de-bibliotecas-del-norte-bonaerense-baradero-2016","status":"publish","type":"post","link":"https:\/\/eldiariodesanpedro.com.ar\/sitio\/se-realizo-el-2-encuentro-de-bibliotecas-del-norte-bonaerense-baradero-2016\/","title":{"rendered":"Se realiz\u00f3 el 2\u00b0 Encuentro de Bibliotecas del Norte Bonaerense Baradero 2016"},"content":{"rendered":"<p><!-- VideographyWP Plugin Message: Automatic video embedding prevented by plugin options. --><br \/>\nEste viernes 30 de septiembre se realiz\u00f3 el 2\u00b0 Encuentro de Bibliotecas del Norte Bonaerense Baradero 2016, en el edificio hist\u00f3rico del colegio Marcos Sastre.<br \/>\nEsta importante actividad comenz\u00f3 el mi\u00e9rcoles 28 en la Escuela Secundaria N\u00b01 de Alsina con clases abiertas de teatro a cargo de la profesora Adriana Giannaday. Sigui\u00f3 el jueves 29 con rondas de narraciones a cargo del narrador y escritor Roberto Moscoloni del Plan Provincial de Lectura dependiente del CENDIE, con los alumnos del colegio Marcos Sastre, la Secundaria N\u00b01 de Alsina y por la noche con los estudiantes de los profesorados de educaci\u00f3n primaria e inicial en el Instituto N\u00b0115.<br \/>\nEl viernes desde las 9.00, con una nutrida asistencia de bibliotecarios, se dio comienzo al encuentro con la disertaci\u00f3n del profesor Javier Pe\u00f3n, jefe del Departamento de Documentaci\u00f3n del CENDIE, quien se explay\u00f3 sobre el rol del bibliotecario.<br \/>\nLuego se sigui\u00f3 con talleres de narraci\u00f3n a cargo de los narradores sociales \u201cBaradero cuenta\u201d y el narrador Roberto Moscoloni. Posteriormente, la profesora Laura Suriano y Rosana L\u00f3pez dieron una disertaci\u00f3n hist\u00f3rica: \u201cLa m\u00e1quina de educar\u201d.<br \/>\nPor la tarde, siguieron los talleres de narraci\u00f3n a cargo de los \u201cCuentacuentos Nicole\u00f1os\u201d y Roberto Moscoloni. Tambi\u00e9n hubo un espacio de intercambio de experiencias en las bibliotecas escolares, donde participaron bibliotecarios de Capit\u00e1n Sarmiento, San Pedro y Baradero.<br \/>\nY para cerrar el encuentro, el escritor baraderense Federico Jeanmaire comparti\u00f3 una charla sobre la lectura como experimento.<br \/>\nM\u00e1s de 70 asistentes disfrutaron de un d\u00eda de capacitaci\u00f3n e intercambio de experiencias. La organizaci\u00f3n estuvo a cargo de un grupo de bibliotecarios escolares.<\/p>\n","protected":false},"excerpt":{"rendered":"<p>Este viernes 30 de septiembre se realiz\u00f3 el 2\u00b0 Encuentro de Bibliotecas del Norte Bonaerense Baradero 2016, en el edificio hist\u00f3rico del colegio Marcos Sastre. Esta importante actividad comenz\u00f3 el mi\u00e9rcoles 28 en la Escuela Secundaria N\u00b01 de Alsina con clases abiertas de teatro a cargo de la profesora Adriana Giannaday. Sigui\u00f3 el jueves 29 [&hellip;]<\/p>\n","protected":false},"author":4,"featured_media":8527,"comment_status":"open","ping_status":"closed","sticky":false,"template":"","format":"standard","meta":{"om_disable_all_campaigns":false,"_jetpack_memberships_contains_paid_content":false,"footnotes":""},"categories":[101,2],"tags":[],"class_list":["post-8526","post","type-post","status-publish","format-standard","has-post-thumbnail","hentry","category-interes-general-locales","category-locales"],"aioseo_notices":[],"gutentor_comment":0,"jetpack_featured_media_url":"https:\/\/eldiariodesanpedro.com.ar\/sitio\/wp-content\/uploads\/2016\/10\/unnamed-19-3-768x576.jpg","jetpack_shortlink":"https:\/\/wp.me\/p6RhLt-2dw","jetpack_sharing_enabled":true,"_links":{"self":[{"href":"https:\/\/eldiariodesanpedro.com.ar\/sitio\/wp-json\/wp\/v2\/posts\/8526","targetHints":{"allow":["GET"]}}],"collection":[{"href":"https:\/\/eldiariodesanpedro.com.ar\/sitio\/wp-json\/wp\/v2\/posts"}],"about":[{"href":"https:\/\/eldiariodesanpedro.com.ar\/sitio\/wp-json\/wp\/v2\/types\/post"}],"author":[{"embeddable":true,"href":"https:\/\/eldiariodesanpedro.com.ar\/sitio\/wp-json\/wp\/v2\/users\/4"}],"replies":[{"embeddable":true,"href":"https:\/\/eldiariodesanpedro.com.ar\/sitio\/wp-json\/wp\/v2\/comments?post=8526"}],"version-history":[{"count":1,"href":"https:\/\/eldiariodesanpedro.com.ar\/sitio\/wp-json\/wp\/v2\/posts\/8526\/revisions"}],"predecessor-version":[{"id":8528,"href":"https:\/\/eldiariodesanpedro.com.ar\/sitio\/wp-json\/wp\/v2\/posts\/8526\/revisions\/8528"}],"wp:featuredmedia":[{"embeddable":true,"href":"https:\/\/eldiariodesanpedro.com.ar\/sitio\/wp-json\/wp\/v2\/media\/8527"}],"wp:attachment":[{"href":"https:\/\/eldiariodesanpedro.com.ar\/sitio\/wp-json\/wp\/v2\/media?parent=8526"}],"wp:term":[{"taxonomy":"category","embeddable":true,"href":"https:\/\/eldiariodesanpedro.com.ar\/sitio\/wp-json\/wp\/v2\/categories?post=8526"},{"taxonomy":"post_tag","embeddable":true,"href":"https:\/\/eldiariodesanpedro.com.ar\/sitio\/wp-json\/wp\/v2\/tags?post=8526"}],"curies":[{"name":"wp","href":"https:\/\/api.w.org\/{rel}","templated":true}]}}