{"id":8523,"date":"2016-10-02T18:07:45","date_gmt":"2016-10-02T21:07:45","guid":{"rendered":"https:\/\/eldiariodesanpedro.com.ar\/sitio\/?p=8523"},"modified":"2016-10-02T18:07:45","modified_gmt":"2016-10-02T21:07:45","slug":"se-reune-en-rojas-el-consejo-regional-de-salud","status":"publish","type":"post","link":"https:\/\/eldiariodesanpedro.com.ar\/sitio\/se-reune-en-rojas-el-consejo-regional-de-salud\/","title":{"rendered":"Se re\u00fane en Rojas el Consejo Regional de Salud"},"content":{"rendered":"<p><!-- VideographyWP Plugin Message: Automatic video embedding prevented by plugin options. --><br \/>\nUn importante encuentro se llevar\u00e1 a cabo el pr\u00f3ximo mi\u00e9rcoles en el Centro Cultural Ernesto S\u00e1bato de Rojas a partir de las 8.30, cuando se re\u00fana el Consejo Regional de Salud de la Regi\u00f3n Sanitaria IV. Adem\u00e1s de los secretarios de Salud y directores de nosocomios, tambi\u00e9n participar\u00e1n los intendentes de cada municipio, quienes se pondr\u00e1n al tanto de los temas m\u00e1s importantes en esta materia.<br \/>\nEn el marco de la pol\u00edtica sanitaria implementada por la ministra de Salud bonaerense, Zulma Ort\u00edz, se abordar\u00e1n diferentes temas. Entre ellos, el programa \u201cQuiero ser residente\u201d, convenios, proyectos presentados y mesa redonda. A su vez, se tocar\u00e1n temas de epidemiolog\u00eda, informe de la campa\u00f1a IRAB 2016 y Zika, Chickungunya y Dengue a cargo de la directora asociada regional, Carina Bonacalza.<br \/>\nDel mismo modo, se realizar\u00e1 la presentaci\u00f3n del protocolo de Derivaci\u00f3n de Salud Mental a cargo del doctor Hern\u00e1n Buey, responsable regional de Salud Mental y Adicciones. Tambi\u00e9n se hablar\u00e1 de cuidados m\u00ednimos de Neonatolog\u00eda. La encargada de disertar en este tema ser\u00e1 la doctora Anal\u00eda Guilera.<br \/>\nEl programa continuar\u00e1 con la Fiscalizaci\u00f3n Sanitaria, que incluye habilitaciones y matriculaciones. Ana Talco, directora provincial de Fiscalizaci\u00f3n Sanitaria, ser\u00e1 quien presente dicho tema. Vale destacar que tambi\u00e9n estar\u00e1 Ra\u00fal Pitarque, director provincial de Integraci\u00f3n de Redes y Regiones Sanitarias.<\/p>\n","protected":false},"excerpt":{"rendered":"<p>Un importante encuentro se llevar\u00e1 a cabo el pr\u00f3ximo mi\u00e9rcoles en el Centro Cultural Ernesto S\u00e1bato de Rojas a partir de las 8.30, cuando se re\u00fana el Consejo Regional de Salud de la Regi\u00f3n Sanitaria IV. Adem\u00e1s de los secretarios de Salud y directores de nosocomios, tambi\u00e9n participar\u00e1n los intendentes de cada municipio, quienes se [&hellip;]<\/p>\n","protected":false},"author":4,"featured_media":8524,"comment_status":"open","ping_status":"closed","sticky":false,"template":"","format":"standard","meta":{"om_disable_all_campaigns":false,"_jetpack_memberships_contains_paid_content":false,"footnotes":""},"categories":[101,2],"tags":[],"class_list":["post-8523","post","type-post","status-publish","format-standard","has-post-thumbnail","hentry","category-interes-general-locales","category-locales"],"aioseo_notices":[],"gutentor_comment":0,"jetpack_featured_media_url":"https:\/\/eldiariodesanpedro.com.ar\/sitio\/wp-content\/uploads\/2016\/10\/PAGINA-6.jpg","jetpack_shortlink":"https:\/\/wp.me\/p6RhLt-2dt","jetpack_sharing_enabled":true,"_links":{"self":[{"href":"https:\/\/eldiariodesanpedro.com.ar\/sitio\/wp-json\/wp\/v2\/posts\/8523","targetHints":{"allow":["GET"]}}],"collection":[{"href":"https:\/\/eldiariodesanpedro.com.ar\/sitio\/wp-json\/wp\/v2\/posts"}],"about":[{"href":"https:\/\/eldiariodesanpedro.com.ar\/sitio\/wp-json\/wp\/v2\/types\/post"}],"author":[{"embeddable":true,"href":"https:\/\/eldiariodesanpedro.com.ar\/sitio\/wp-json\/wp\/v2\/users\/4"}],"replies":[{"embeddable":true,"href":"https:\/\/eldiariodesanpedro.com.ar\/sitio\/wp-json\/wp\/v2\/comments?post=8523"}],"version-history":[{"count":1,"href":"https:\/\/eldiariodesanpedro.com.ar\/sitio\/wp-json\/wp\/v2\/posts\/8523\/revisions"}],"predecessor-version":[{"id":8525,"href":"https:\/\/eldiariodesanpedro.com.ar\/sitio\/wp-json\/wp\/v2\/posts\/8523\/revisions\/8525"}],"wp:featuredmedia":[{"embeddable":true,"href":"https:\/\/eldiariodesanpedro.com.ar\/sitio\/wp-json\/wp\/v2\/media\/8524"}],"wp:attachment":[{"href":"https:\/\/eldiariodesanpedro.com.ar\/sitio\/wp-json\/wp\/v2\/media?parent=8523"}],"wp:term":[{"taxonomy":"category","embeddable":true,"href":"https:\/\/eldiariodesanpedro.com.ar\/sitio\/wp-json\/wp\/v2\/categories?post=8523"},{"taxonomy":"post_tag","embeddable":true,"href":"https:\/\/eldiariodesanpedro.com.ar\/sitio\/wp-json\/wp\/v2\/tags?post=8523"}],"curies":[{"name":"wp","href":"https:\/\/api.w.org\/{rel}","templated":true}]}}