{"id":85213,"date":"2021-01-03T19:32:23","date_gmt":"2021-01-03T22:32:23","guid":{"rendered":"https:\/\/eldiariodesanpedro.com.ar\/sitio\/?p=85213"},"modified":"2021-01-03T19:32:30","modified_gmt":"2021-01-03T22:32:30","slug":"dos-fiestas-clandestinas-desbaratadas-por-la-policia","status":"publish","type":"post","link":"https:\/\/eldiariodesanpedro.com.ar\/sitio\/dos-fiestas-clandestinas-desbaratadas-por-la-policia\/","title":{"rendered":"Dos fiestas clandestinas desbaratadas por la polic\u00eda"},"content":{"rendered":"<!-- VideographyWP Plugin Message: Automatic video embedding prevented by plugin options. -->\n\n<p>En la jornada de este s\u00e1bado se realizaron presentes efectivos en dos viviendas donde se desarrollaban fiestas clandestinas con m\u00e1s de 200 personas.<\/p>\n\n\n\n<p>Este s\u00e1bado en horas de la tarde personal de inspecci\u00f3n en conjunto con el personal de la comisar\u00eda local en una vivienda ubicada en calle Gomendio 3280 donde se desarrollaba una fiesta clandestina con una presencia de m\u00e1s de 200 personas que se encontraban violentando el distanciamiento por coronavirus, por lo que el organizador un joven de 25 a\u00f1os de edad fue trasladado a la comisar\u00eda local en calidad de aprehendido siendo informado por violacion al articulo 205.<\/p>\n\n\n\n<p>En un segundo lugar en horas de la madrugada de este domingo el personal policial a ra\u00edz de un llamado concurre a una fiesta clandestina en un domicilio particular de&nbsp; calle Caseros y Anibal de Ant\u00f3n, desde donde se trasladando a dependencia a masculino de 29 a\u00f1os siendo el organizador del evento&nbsp; en el cual hab\u00eda concurrencia de al menos 200 personas quebrantando el distanciamiento social.<\/p>\n\n\n\n<p>En ambos casos las personas fueron informadas de la violacion al c\u00f3digo 205 por lo que interviene la Justicia Federal N\u00ba 2 de San Nicol\u00e1s.<\/p>\n","protected":false},"excerpt":{"rendered":"<p>En la jornada de este s\u00e1bado se realizaron presentes efectivos en dos viviendas donde se desarrollaban fiestas clandestinas con m\u00e1s de 200 personas. Este s\u00e1bado en horas de la tarde personal de inspecci\u00f3n en conjunto con el personal de la comisar\u00eda local en una vivienda ubicada en calle Gomendio 3280 donde se desarrollaba una fiesta [&hellip;]<\/p>\n","protected":false},"author":4,"featured_media":85214,"comment_status":"open","ping_status":"closed","sticky":false,"template":"","format":"standard","meta":{"om_disable_all_campaigns":false,"_jetpack_memberships_contains_paid_content":false,"footnotes":""},"categories":[50,101,2],"tags":[197,33,95],"class_list":["post-85213","post","type-post","status-publish","format-standard","has-post-thumbnail","hentry","category-destacadas","category-interes-general-locales","category-locales","tag-buenos-aires","tag-locales","tag-policiales"],"aioseo_notices":[],"gutentor_comment":0,"jetpack_featured_media_url":"https:\/\/eldiariodesanpedro.com.ar\/sitio\/wp-content\/uploads\/2021\/01\/0743494fe50b16db660b19796db856c1.jpg","jetpack_shortlink":"https:\/\/wp.me\/p6RhLt-map","jetpack_sharing_enabled":true,"_links":{"self":[{"href":"https:\/\/eldiariodesanpedro.com.ar\/sitio\/wp-json\/wp\/v2\/posts\/85213","targetHints":{"allow":["GET"]}}],"collection":[{"href":"https:\/\/eldiariodesanpedro.com.ar\/sitio\/wp-json\/wp\/v2\/posts"}],"about":[{"href":"https:\/\/eldiariodesanpedro.com.ar\/sitio\/wp-json\/wp\/v2\/types\/post"}],"author":[{"embeddable":true,"href":"https:\/\/eldiariodesanpedro.com.ar\/sitio\/wp-json\/wp\/v2\/users\/4"}],"replies":[{"embeddable":true,"href":"https:\/\/eldiariodesanpedro.com.ar\/sitio\/wp-json\/wp\/v2\/comments?post=85213"}],"version-history":[{"count":1,"href":"https:\/\/eldiariodesanpedro.com.ar\/sitio\/wp-json\/wp\/v2\/posts\/85213\/revisions"}],"predecessor-version":[{"id":85215,"href":"https:\/\/eldiariodesanpedro.com.ar\/sitio\/wp-json\/wp\/v2\/posts\/85213\/revisions\/85215"}],"wp:featuredmedia":[{"embeddable":true,"href":"https:\/\/eldiariodesanpedro.com.ar\/sitio\/wp-json\/wp\/v2\/media\/85214"}],"wp:attachment":[{"href":"https:\/\/eldiariodesanpedro.com.ar\/sitio\/wp-json\/wp\/v2\/media?parent=85213"}],"wp:term":[{"taxonomy":"category","embeddable":true,"href":"https:\/\/eldiariodesanpedro.com.ar\/sitio\/wp-json\/wp\/v2\/categories?post=85213"},{"taxonomy":"post_tag","embeddable":true,"href":"https:\/\/eldiariodesanpedro.com.ar\/sitio\/wp-json\/wp\/v2\/tags?post=85213"}],"curies":[{"name":"wp","href":"https:\/\/api.w.org\/{rel}","templated":true}]}}