{"id":8520,"date":"2016-09-30T20:06:53","date_gmt":"2016-09-30T23:06:53","guid":{"rendered":"https:\/\/eldiariodesanpedro.com.ar\/sitio\/?p=8520"},"modified":"2016-09-30T20:06:53","modified_gmt":"2016-09-30T23:06:53","slug":"petrocini-participo-de-un-encuentro-zonal-de-feb","status":"publish","type":"post","link":"https:\/\/eldiariodesanpedro.com.ar\/sitio\/petrocini-participo-de-un-encuentro-zonal-de-feb\/","title":{"rendered":"Petrocini particip\u00f3 de un encuentro zonal de FEB"},"content":{"rendered":"<p><!-- VideographyWP Plugin Message: Automatic video embedding prevented by plugin options. --><br \/>\nHoy por la ma\u00f1ana se llev\u00f3 a cabo en nuestra ciudad una reuni\u00f3n de la Zona V de la FEB en el establecimiento Las Amalias. El mismo se desarroll\u00f3 de 9.00 a 13.00 y cont\u00f3 con la presencia de distritos como Baradero, San Nicol\u00e1s, Ramallo, Arrecifes, Campana, Z\u00e1rate, Col\u00f3n y Rojas. Encabezando el encuentro estuvieron Mirta Petrocini y Rene Cruz, presidente y vicepresidente de la Federaci\u00f3n de Educadores Bonaerenses respectivamente.<br \/>\nSe trata de una actividad que tuvo la finalidad de consultar a las bases sobre la continuidad de las medidas adoptadas a nivel nacional en el marco de las demandas salariales que se llevan a cabo en estos momentos.<\/p>\n<p> \u00abLa \u00fanica soluci\u00f3n que nos queda es el paro\u201d<\/p>\n<p>La titular de la Federaci\u00f3n de Educadores Bonaerense (FEB), Mirta Petrocini, explic\u00f3 que \u201ceste mes, la inflaci\u00f3n ya super\u00f3 el incremento salarial que hab\u00edamos conseguido para 2016 y se proyecta que superar\u00e1 el 40% para finales del corriente a\u00f1o. Si no podemos discutir una adecuaci\u00f3n salarial urgente, vamos a llegar a abril de 2017 con el mismo y devaluado salario\u201d.<br \/>\nAdem\u00e1s, la sindicalista sostuvo que \u201cm\u00e1s all\u00e1 de lo salarial, hay una serie de reclamos leg\u00edtimos de los docentes que no tienen respuesta desde hace meses y no se ponen en funcionamiento los mecanismos institucionales para comenzar a darles soluci\u00f3n\u201d.<br \/>\nEn este sentido, la presidenta de la Federaci\u00f3n dijo que \u201ca principios de a\u00f1o, presentamos una serie de casi 20 puntos sobre temas vinculados con las condiciones de trabajo de los educadores. Pero hace cinco meses que el Gobierno no convoca a las Comisiones T\u00e9cnicas para tratar estos temas\u201d.<br \/>\n\u201cSon espacios estatutarios, previstos por Ley, para debatir y dar soluci\u00f3n a las demandas del sector\u201d, indic\u00f3 Petrocini y agreg\u00f3 que \u201cprimero nos cierran los caminos institucionales para reclamar y despu\u00e9s nos demonizan cuando llevamos adelante medidas de fuerza\u201d.<\/p>\n","protected":false},"excerpt":{"rendered":"<p>Hoy por la ma\u00f1ana se llev\u00f3 a cabo en nuestra ciudad una reuni\u00f3n de la Zona V de la FEB en el establecimiento Las Amalias. El mismo se desarroll\u00f3 de 9.00 a 13.00 y cont\u00f3 con la presencia de distritos como Baradero, San Nicol\u00e1s, Ramallo, Arrecifes, Campana, Z\u00e1rate, Col\u00f3n y Rojas. Encabezando el encuentro estuvieron [&hellip;]<\/p>\n","protected":false},"author":4,"featured_media":8521,"comment_status":"open","ping_status":"closed","sticky":false,"template":"","format":"standard","meta":{"om_disable_all_campaigns":false,"_jetpack_memberships_contains_paid_content":false,"footnotes":""},"categories":[101,2],"tags":[],"class_list":["post-8520","post","type-post","status-publish","format-standard","has-post-thumbnail","hentry","category-interes-general-locales","category-locales"],"aioseo_notices":[],"gutentor_comment":0,"jetpack_featured_media_url":"https:\/\/eldiariodesanpedro.com.ar\/sitio\/wp-content\/uploads\/2016\/09\/Mirta-Petrocini-2.jpg","jetpack_shortlink":"https:\/\/wp.me\/p6RhLt-2dq","jetpack_sharing_enabled":true,"_links":{"self":[{"href":"https:\/\/eldiariodesanpedro.com.ar\/sitio\/wp-json\/wp\/v2\/posts\/8520","targetHints":{"allow":["GET"]}}],"collection":[{"href":"https:\/\/eldiariodesanpedro.com.ar\/sitio\/wp-json\/wp\/v2\/posts"}],"about":[{"href":"https:\/\/eldiariodesanpedro.com.ar\/sitio\/wp-json\/wp\/v2\/types\/post"}],"author":[{"embeddable":true,"href":"https:\/\/eldiariodesanpedro.com.ar\/sitio\/wp-json\/wp\/v2\/users\/4"}],"replies":[{"embeddable":true,"href":"https:\/\/eldiariodesanpedro.com.ar\/sitio\/wp-json\/wp\/v2\/comments?post=8520"}],"version-history":[{"count":1,"href":"https:\/\/eldiariodesanpedro.com.ar\/sitio\/wp-json\/wp\/v2\/posts\/8520\/revisions"}],"predecessor-version":[{"id":8522,"href":"https:\/\/eldiariodesanpedro.com.ar\/sitio\/wp-json\/wp\/v2\/posts\/8520\/revisions\/8522"}],"wp:featuredmedia":[{"embeddable":true,"href":"https:\/\/eldiariodesanpedro.com.ar\/sitio\/wp-json\/wp\/v2\/media\/8521"}],"wp:attachment":[{"href":"https:\/\/eldiariodesanpedro.com.ar\/sitio\/wp-json\/wp\/v2\/media?parent=8520"}],"wp:term":[{"taxonomy":"category","embeddable":true,"href":"https:\/\/eldiariodesanpedro.com.ar\/sitio\/wp-json\/wp\/v2\/categories?post=8520"},{"taxonomy":"post_tag","embeddable":true,"href":"https:\/\/eldiariodesanpedro.com.ar\/sitio\/wp-json\/wp\/v2\/tags?post=8520"}],"curies":[{"name":"wp","href":"https:\/\/api.w.org\/{rel}","templated":true}]}}