{"id":85195,"date":"2021-01-03T18:51:55","date_gmt":"2021-01-03T21:51:55","guid":{"rendered":"https:\/\/eldiariodesanpedro.com.ar\/sitio\/?p=85195"},"modified":"2021-01-03T18:51:59","modified_gmt":"2021-01-03T21:51:59","slug":"campana-capturan-a-hombre-gato-en-el-centro","status":"publish","type":"post","link":"https:\/\/eldiariodesanpedro.com.ar\/sitio\/campana-capturan-a-hombre-gato-en-el-centro\/","title":{"rendered":"CAMPANA | Capturan a \u201chombre gato\u201d en el centro"},"content":{"rendered":"<!-- VideographyWP Plugin Message: Automatic video embedding prevented by plugin options. -->\n\n<p>Tras robar en una vivienda de Luis Costa al 700, intentaba huir por los techos cuando fue aprehendido por la polic\u00eda. Tiene 18 a\u00f1os.<\/p>\n\n\n\n<p>Acusado por \u00abhurto y violaci\u00f3n de domicilio\u00bb, un joven de 18 a\u00f1os fue aprehendido por efectivos del Comando Patrulla Campana.<br><br>Es que a tras robar en una vivienda de Luis Costa al 770, el joven ladr\u00f3n intentaba huir saltando por los techos, hasta que fue alcanzado por la fuerza p\u00fablica.<br><br>El caco se domiciliaba a pocas cuadras del lugar de su detenci\u00f3n. Su situaci\u00f3n qued\u00f3 en manos de la UFI N\u00b02 del Departamento Judicial Zarate-Campana.<\/p>\n\n\n\n<p>Fuente: <a href=\"https:\/\/www.campananoticias.com\/\">Campana Noticias<\/a><\/p>\n","protected":false},"excerpt":{"rendered":"<p>Tras robar en una vivienda de Luis Costa al 700, intentaba huir por los techos cuando fue aprehendido por la polic\u00eda. Tiene 18 a\u00f1os. Acusado por \u00abhurto y violaci\u00f3n de domicilio\u00bb, un joven de 18 a\u00f1os fue aprehendido por efectivos del Comando Patrulla Campana. Es que a tras robar en una vivienda de Luis Costa [&hellip;]<\/p>\n","protected":false},"author":4,"featured_media":85196,"comment_status":"open","ping_status":"closed","sticky":false,"template":"","format":"standard","meta":{"om_disable_all_campaigns":false,"_jetpack_memberships_contains_paid_content":false,"footnotes":""},"categories":[621],"tags":[197,686,681],"class_list":["post-85195","post","type-post","status-publish","format-standard","has-post-thumbnail","hentry","category-regionales","tag-buenos-aires","tag-campana-2","tag-regionales"],"aioseo_notices":[],"gutentor_comment":0,"jetpack_featured_media_url":"https:\/\/eldiariodesanpedro.com.ar\/sitio\/wp-content\/uploads\/2021\/01\/20201230120609.jpg","jetpack_shortlink":"https:\/\/wp.me\/p6RhLt-ma7","jetpack_sharing_enabled":true,"_links":{"self":[{"href":"https:\/\/eldiariodesanpedro.com.ar\/sitio\/wp-json\/wp\/v2\/posts\/85195","targetHints":{"allow":["GET"]}}],"collection":[{"href":"https:\/\/eldiariodesanpedro.com.ar\/sitio\/wp-json\/wp\/v2\/posts"}],"about":[{"href":"https:\/\/eldiariodesanpedro.com.ar\/sitio\/wp-json\/wp\/v2\/types\/post"}],"author":[{"embeddable":true,"href":"https:\/\/eldiariodesanpedro.com.ar\/sitio\/wp-json\/wp\/v2\/users\/4"}],"replies":[{"embeddable":true,"href":"https:\/\/eldiariodesanpedro.com.ar\/sitio\/wp-json\/wp\/v2\/comments?post=85195"}],"version-history":[{"count":1,"href":"https:\/\/eldiariodesanpedro.com.ar\/sitio\/wp-json\/wp\/v2\/posts\/85195\/revisions"}],"predecessor-version":[{"id":85197,"href":"https:\/\/eldiariodesanpedro.com.ar\/sitio\/wp-json\/wp\/v2\/posts\/85195\/revisions\/85197"}],"wp:featuredmedia":[{"embeddable":true,"href":"https:\/\/eldiariodesanpedro.com.ar\/sitio\/wp-json\/wp\/v2\/media\/85196"}],"wp:attachment":[{"href":"https:\/\/eldiariodesanpedro.com.ar\/sitio\/wp-json\/wp\/v2\/media?parent=85195"}],"wp:term":[{"taxonomy":"category","embeddable":true,"href":"https:\/\/eldiariodesanpedro.com.ar\/sitio\/wp-json\/wp\/v2\/categories?post=85195"},{"taxonomy":"post_tag","embeddable":true,"href":"https:\/\/eldiariodesanpedro.com.ar\/sitio\/wp-json\/wp\/v2\/tags?post=85195"}],"curies":[{"name":"wp","href":"https:\/\/api.w.org\/{rel}","templated":true}]}}