{"id":85192,"date":"2021-01-03T18:49:06","date_gmt":"2021-01-03T21:49:06","guid":{"rendered":"https:\/\/eldiariodesanpedro.com.ar\/sitio\/?p=85192"},"modified":"2021-01-03T18:49:07","modified_gmt":"2021-01-03T21:49:07","slug":"baradero-extenderan-el-horario-de-cierre-de-los-bares","status":"publish","type":"post","link":"https:\/\/eldiariodesanpedro.com.ar\/sitio\/baradero-extenderan-el-horario-de-cierre-de-los-bares\/","title":{"rendered":"BARADERO | Extender\u00e1n el horario de cierre de los bares"},"content":{"rendered":"<!-- VideographyWP Plugin Message: Automatic video embedding prevented by plugin options. -->\n\n<p>Esta decisi\u00f3n se tom\u00f3 luego de mantener una reuni\u00f3n entre los due\u00f1os de los bares y el Director de Producci\u00f3n Dami\u00e1n Mori, quien manifest\u00f3 que la otra parte le dijo que \u201cel horario vigente no los beneficia\u201d.<\/p>\n\n\n\n<p>Adem\u00e1s, plantearon que la concentraci\u00f3n de los j\u00f3venes en la rotonda perjudica su trabajo en los comercios.<\/p>\n\n\n\n<p>\u201cEs un espacio p\u00fablico y desde el municipio tratan de desestimar que no se use, pero sostuvo que la responsabilidad parte de cada uno\u201d, mantuvo Dami\u00e1n Mori.<\/p>\n\n\n\n<p>Fuente: <a href=\"https:\/\/tulineadirecta.com\/extenderan-el-horario-de-cierre-de-los-bares\/\">Tu Linea Baradero<\/a><\/p>\n","protected":false},"excerpt":{"rendered":"<p>Esta decisi\u00f3n se tom\u00f3 luego de mantener una reuni\u00f3n entre los due\u00f1os de los bares y el Director de Producci\u00f3n Dami\u00e1n Mori, quien manifest\u00f3 que la otra parte le dijo que \u201cel horario vigente no los beneficia\u201d. Adem\u00e1s, plantearon que la concentraci\u00f3n de los j\u00f3venes en la rotonda perjudica su trabajo en los comercios. \u201cEs [&hellip;]<\/p>\n","protected":false},"author":4,"featured_media":85193,"comment_status":"open","ping_status":"closed","sticky":false,"template":"","format":"standard","meta":{"om_disable_all_campaigns":false,"_jetpack_memberships_contains_paid_content":false,"footnotes":""},"categories":[621],"tags":[139,1530,681],"class_list":["post-85192","post","type-post","status-publish","format-standard","has-post-thumbnail","hentry","category-regionales","tag-baradero","tag-buennos-aires","tag-regionales"],"aioseo_notices":[],"gutentor_comment":0,"jetpack_featured_media_url":"https:\/\/eldiariodesanpedro.com.ar\/sitio\/wp-content\/uploads\/2021\/01\/damian-mori-e1599737969538.jpg","jetpack_shortlink":"https:\/\/wp.me\/p6RhLt-ma4","jetpack_sharing_enabled":true,"_links":{"self":[{"href":"https:\/\/eldiariodesanpedro.com.ar\/sitio\/wp-json\/wp\/v2\/posts\/85192","targetHints":{"allow":["GET"]}}],"collection":[{"href":"https:\/\/eldiariodesanpedro.com.ar\/sitio\/wp-json\/wp\/v2\/posts"}],"about":[{"href":"https:\/\/eldiariodesanpedro.com.ar\/sitio\/wp-json\/wp\/v2\/types\/post"}],"author":[{"embeddable":true,"href":"https:\/\/eldiariodesanpedro.com.ar\/sitio\/wp-json\/wp\/v2\/users\/4"}],"replies":[{"embeddable":true,"href":"https:\/\/eldiariodesanpedro.com.ar\/sitio\/wp-json\/wp\/v2\/comments?post=85192"}],"version-history":[{"count":1,"href":"https:\/\/eldiariodesanpedro.com.ar\/sitio\/wp-json\/wp\/v2\/posts\/85192\/revisions"}],"predecessor-version":[{"id":85194,"href":"https:\/\/eldiariodesanpedro.com.ar\/sitio\/wp-json\/wp\/v2\/posts\/85192\/revisions\/85194"}],"wp:featuredmedia":[{"embeddable":true,"href":"https:\/\/eldiariodesanpedro.com.ar\/sitio\/wp-json\/wp\/v2\/media\/85193"}],"wp:attachment":[{"href":"https:\/\/eldiariodesanpedro.com.ar\/sitio\/wp-json\/wp\/v2\/media?parent=85192"}],"wp:term":[{"taxonomy":"category","embeddable":true,"href":"https:\/\/eldiariodesanpedro.com.ar\/sitio\/wp-json\/wp\/v2\/categories?post=85192"},{"taxonomy":"post_tag","embeddable":true,"href":"https:\/\/eldiariodesanpedro.com.ar\/sitio\/wp-json\/wp\/v2\/tags?post=85192"}],"curies":[{"name":"wp","href":"https:\/\/api.w.org\/{rel}","templated":true}]}}