{"id":8517,"date":"2016-09-30T20:04:56","date_gmt":"2016-09-30T23:04:56","guid":{"rendered":"https:\/\/eldiariodesanpedro.com.ar\/sitio\/?p=8517"},"modified":"2016-09-30T20:04:56","modified_gmt":"2016-09-30T23:04:56","slug":"salazar-en-un-encuentro-de-intendentes-en-tecnopolis","status":"publish","type":"post","link":"https:\/\/eldiariodesanpedro.com.ar\/sitio\/salazar-en-un-encuentro-de-intendentes-en-tecnopolis\/","title":{"rendered":"Salazar en un encuentro de intendentes en Tecn\u00f3polis"},"content":{"rendered":"<p><!-- VideographyWP Plugin Message: Automatic video embedding prevented by plugin options. --><br \/>\nAyer viernes el intendente Cecilio Salazar particip\u00f3 en Tecn\u00f3polis del primer encuentro de Jefes Comunales de Cambiemos de todo el pa\u00eds, que fue encabezado por el presidente de la Naci\u00f3n, Mauricio Macri.<br \/>\nEl jueves, en el club Hurac\u00e1n, se reunieron solo los referentes de la provincia de Buenos Aires. Fueron recibidos por Rogelio Frigerio, Horacio Rodr\u00edguez Larreta y Diego Santilli, luego la gobernadora Mar\u00eda Eugenia Vidal se dirigi\u00f3 a los presentes.<br \/>\nEn tanto que este viernes, en la apertura de un encuentro que se desarroll\u00f3 en Tecn\u00f3polis, Macri se\u00f1al\u00f3 que \u201cse abre un nuevo tiempo para los gobiernos locales\u201d, ya que hay un gobierno nacional \u201cque quiere trabajar codo a codo con cada gobernador e intendente sin importar los colores pol\u00edticos\u201d.<br \/>\n\u201cSabemos todos que vivimos en un pa\u00eds enorme, pero las distancias desaparecen si trabajamos en equipo, si cada uno hace su parte. Si formamos una red ning\u00fan argentino va a quedar afuera\u201d, se\u00f1al\u00f3 Macri.<br \/>\nEl jefe de Estado abog\u00f3 por \u201cun pa\u00eds con menos mon\u00f3logo y m\u00e1s di\u00e1logo, con menos enfrentamientos y m\u00e1s consensos\u201d, y le dijo a los intendentes: \u201cSus agendas son nuestras agendas, sus objetivos son nuestros objetivos\u201d.<br \/>\nMacri firm\u00f3 a su vez 50 convenios con municipios que contemplan una importante inversi\u00f3n en materia de Vivienda y H\u00e1bitat, estrategia con la que se reforzar la incipiente reactivaci\u00f3n de la obra p\u00fablica. <\/p>\n","protected":false},"excerpt":{"rendered":"<p>Ayer viernes el intendente Cecilio Salazar particip\u00f3 en Tecn\u00f3polis del primer encuentro de Jefes Comunales de Cambiemos de todo el pa\u00eds, que fue encabezado por el presidente de la Naci\u00f3n, Mauricio Macri. El jueves, en el club Hurac\u00e1n, se reunieron solo los referentes de la provincia de Buenos Aires. Fueron recibidos por Rogelio Frigerio, Horacio [&hellip;]<\/p>\n","protected":false},"author":4,"featured_media":8518,"comment_status":"open","ping_status":"closed","sticky":false,"template":"","format":"standard","meta":{"om_disable_all_campaigns":false,"_jetpack_memberships_contains_paid_content":false,"footnotes":""},"categories":[50,2,102],"tags":[],"class_list":["post-8517","post","type-post","status-publish","format-standard","has-post-thumbnail","hentry","category-destacadas","category-locales","category-politica-locales"],"aioseo_notices":[],"gutentor_comment":0,"jetpack_featured_media_url":"https:\/\/eldiariodesanpedro.com.ar\/sitio\/wp-content\/uploads\/2016\/09\/PAGINA-3-01-6.jpg","jetpack_shortlink":"https:\/\/wp.me\/p6RhLt-2dn","jetpack_sharing_enabled":true,"_links":{"self":[{"href":"https:\/\/eldiariodesanpedro.com.ar\/sitio\/wp-json\/wp\/v2\/posts\/8517","targetHints":{"allow":["GET"]}}],"collection":[{"href":"https:\/\/eldiariodesanpedro.com.ar\/sitio\/wp-json\/wp\/v2\/posts"}],"about":[{"href":"https:\/\/eldiariodesanpedro.com.ar\/sitio\/wp-json\/wp\/v2\/types\/post"}],"author":[{"embeddable":true,"href":"https:\/\/eldiariodesanpedro.com.ar\/sitio\/wp-json\/wp\/v2\/users\/4"}],"replies":[{"embeddable":true,"href":"https:\/\/eldiariodesanpedro.com.ar\/sitio\/wp-json\/wp\/v2\/comments?post=8517"}],"version-history":[{"count":1,"href":"https:\/\/eldiariodesanpedro.com.ar\/sitio\/wp-json\/wp\/v2\/posts\/8517\/revisions"}],"predecessor-version":[{"id":8519,"href":"https:\/\/eldiariodesanpedro.com.ar\/sitio\/wp-json\/wp\/v2\/posts\/8517\/revisions\/8519"}],"wp:featuredmedia":[{"embeddable":true,"href":"https:\/\/eldiariodesanpedro.com.ar\/sitio\/wp-json\/wp\/v2\/media\/8518"}],"wp:attachment":[{"href":"https:\/\/eldiariodesanpedro.com.ar\/sitio\/wp-json\/wp\/v2\/media?parent=8517"}],"wp:term":[{"taxonomy":"category","embeddable":true,"href":"https:\/\/eldiariodesanpedro.com.ar\/sitio\/wp-json\/wp\/v2\/categories?post=8517"},{"taxonomy":"post_tag","embeddable":true,"href":"https:\/\/eldiariodesanpedro.com.ar\/sitio\/wp-json\/wp\/v2\/tags?post=8517"}],"curies":[{"name":"wp","href":"https:\/\/api.w.org\/{rel}","templated":true}]}}