{"id":8514,"date":"2016-09-30T20:03:48","date_gmt":"2016-09-30T23:03:48","guid":{"rendered":"https:\/\/eldiariodesanpedro.com.ar\/sitio\/?p=8514"},"modified":"2016-09-30T20:03:48","modified_gmt":"2016-09-30T23:03:48","slug":"monfasani-entrego-becas-en-su-nuevo-local-partidario","status":"publish","type":"post","link":"https:\/\/eldiariodesanpedro.com.ar\/sitio\/monfasani-entrego-becas-en-su-nuevo-local-partidario\/","title":{"rendered":"Monfasani entreg\u00f3 becas en su nuevo local partidario"},"content":{"rendered":"<p><!-- VideographyWP Plugin Message: Automatic video embedding prevented by plugin options. --><br \/>\nEn la tarde de este jueves, el diputado provincial del Frente Renovador Daniel Monfasani entreg\u00f3 becas a alumnos, entidades educativas y deportivas; en su nuevo local que se encuentra en la esquina de Quiroga y 25 de Mayo. Tambi\u00e9n opin\u00f3 sobre la situaci\u00f3n de las familias involucradas en el desalojo de las propiedades linderas al Hotel Spa Azahar.<br \/>\nSobre la actividad, Monfasani explic\u00f3: \u201cEntregamos aproximadamente 50 becas, no solamente en el partido de San Pedro sino tambi\u00e9n en Capit\u00e1n Sarmiento, en Z\u00e1rate, Carmen de Areco y en Baradero\u201d. \u201cCreo que es una ayuda importante para aquellos que estudian, para aquellos que van a la universidad, para los que van al secundario tambi\u00e9n\u201d.<br \/>\nLuego coment\u00f3: \u201cAyer estuvimos en el centro complementario que est\u00e1 atr\u00e1s del Hospital, comen 230 ni\u00f1os de una barriada humilde. Les entregu\u00e9 una beca para que los chicos puedan viajar a Rosario para poder conocer el Monumento a la Bandera\u201d. Y agreg\u00f3: \u201cEstuvimos en Doyle por los 100 a\u00f1os de la escuela, estuvimos entregando un subsidio en la ceremonia\u201d.<br \/>\n\u201cSon granos de arena, porque la poblaci\u00f3n tiene otros problemas y que son muy graves\u201d, sostuvo.<\/p>\n<p>Desalojo de vecinos de Bajo Puerto<\/p>\n<p>En tanto, a su vez, opin\u00f3 sobre el desalojo de la zona lindera al Hotel Azahar: \u201cMe pidieron una reuni\u00f3n desde el hotel, pero me hubiera gustado hablar antes de todo lo que hicieron porque les dije que estaba del lado de los vecinos. Me parece que un Juez de Falta que mande un desalojo es un disparate\u201d.<br \/>\nY luego relat\u00f3: \u201cLas abuelas de esos chicos que est\u00e1n viviendo ah\u00ed criaban animales en esa zona y la municipalidad reconoc\u00eda ese derecho. Les han dado un papel que pod\u00edan tener los animales en esa zona, estoy hablando de hace 60 a\u00f1os atr\u00e1s, y entonces la gente ya tiene un reconocimiento de derechos\u201d.<br \/>\n\u201cHay que brindarles las posibilidades a los inversionista que vengan a San Pedro pero no que se queden con todas las tierras nuestras\u201d, se\u00f1al\u00f3 y sentenci\u00f3: \u201cSi quieren correrlos ofr\u00e9zcanles viviendas dignas, lugares donde est\u00e9n de acuerdo\u201d.<\/p>\n","protected":false},"excerpt":{"rendered":"<p>En la tarde de este jueves, el diputado provincial del Frente Renovador Daniel Monfasani entreg\u00f3 becas a alumnos, entidades educativas y deportivas; en su nuevo local que se encuentra en la esquina de Quiroga y 25 de Mayo. Tambi\u00e9n opin\u00f3 sobre la situaci\u00f3n de las familias involucradas en el desalojo de las propiedades linderas al [&hellip;]<\/p>\n","protected":false},"author":4,"featured_media":8515,"comment_status":"open","ping_status":"closed","sticky":false,"template":"","format":"standard","meta":{"om_disable_all_campaigns":false,"_jetpack_memberships_contains_paid_content":false,"footnotes":""},"categories":[2,102],"tags":[],"class_list":["post-8514","post","type-post","status-publish","format-standard","has-post-thumbnail","hentry","category-locales","category-politica-locales"],"aioseo_notices":[],"gutentor_comment":0,"jetpack_featured_media_url":"https:\/\/eldiariodesanpedro.com.ar\/sitio\/wp-content\/uploads\/2016\/09\/14457435_1463337247015303_1171809228964355565_n.jpg","jetpack_shortlink":"https:\/\/wp.me\/p6RhLt-2dk","jetpack_sharing_enabled":true,"_links":{"self":[{"href":"https:\/\/eldiariodesanpedro.com.ar\/sitio\/wp-json\/wp\/v2\/posts\/8514","targetHints":{"allow":["GET"]}}],"collection":[{"href":"https:\/\/eldiariodesanpedro.com.ar\/sitio\/wp-json\/wp\/v2\/posts"}],"about":[{"href":"https:\/\/eldiariodesanpedro.com.ar\/sitio\/wp-json\/wp\/v2\/types\/post"}],"author":[{"embeddable":true,"href":"https:\/\/eldiariodesanpedro.com.ar\/sitio\/wp-json\/wp\/v2\/users\/4"}],"replies":[{"embeddable":true,"href":"https:\/\/eldiariodesanpedro.com.ar\/sitio\/wp-json\/wp\/v2\/comments?post=8514"}],"version-history":[{"count":1,"href":"https:\/\/eldiariodesanpedro.com.ar\/sitio\/wp-json\/wp\/v2\/posts\/8514\/revisions"}],"predecessor-version":[{"id":8516,"href":"https:\/\/eldiariodesanpedro.com.ar\/sitio\/wp-json\/wp\/v2\/posts\/8514\/revisions\/8516"}],"wp:featuredmedia":[{"embeddable":true,"href":"https:\/\/eldiariodesanpedro.com.ar\/sitio\/wp-json\/wp\/v2\/media\/8515"}],"wp:attachment":[{"href":"https:\/\/eldiariodesanpedro.com.ar\/sitio\/wp-json\/wp\/v2\/media?parent=8514"}],"wp:term":[{"taxonomy":"category","embeddable":true,"href":"https:\/\/eldiariodesanpedro.com.ar\/sitio\/wp-json\/wp\/v2\/categories?post=8514"},{"taxonomy":"post_tag","embeddable":true,"href":"https:\/\/eldiariodesanpedro.com.ar\/sitio\/wp-json\/wp\/v2\/tags?post=8514"}],"curies":[{"name":"wp","href":"https:\/\/api.w.org\/{rel}","templated":true}]}}