{"id":8512,"date":"2016-09-30T20:00:14","date_gmt":"2016-09-30T23:00:14","guid":{"rendered":"https:\/\/eldiariodesanpedro.com.ar\/sitio\/?p=8512"},"modified":"2016-09-30T20:00:14","modified_gmt":"2016-09-30T23:00:14","slug":"actividades-por-el-dia-del-corazon-en-gobernador-castro","status":"publish","type":"post","link":"https:\/\/eldiariodesanpedro.com.ar\/sitio\/actividades-por-el-dia-del-corazon-en-gobernador-castro\/","title":{"rendered":"Actividades por el D\u00eda del coraz\u00f3n en Gobernador Castro"},"content":{"rendered":"<p><!-- VideographyWP Plugin Message: Automatic video embedding prevented by plugin options. --><br \/>\nLas actividades en el marco del D\u00eda Mundial del Coraz\u00f3n comenzaron el mi\u00e9rcoles en Gdor. Castro y continuar\u00e1n el jueves pr\u00f3ximo en San Pedro. Personal de la Secretar\u00eda de Salud y Cruz Roja en el Hospital 26 de Julio hicieron controles de glucemia, presi\u00f3n arterial e IMC. Adem\u00e1s, a los participante les hicieron notar la importancia de conocer los factores de riesgo y adem\u00e1s se promovieron h\u00e1bitos saludables.<br \/>\nEn tanto que est\u00e1 planificado que el jueves pr\u00f3ximo se hagan las tareas de concientizaci\u00f3n en la ciudad, que comenzar\u00e1n a la ma\u00f1ana y culminar\u00e1n por la tarde. Sobre ello, el secretario de Salud, el Dr. Edgar Britos, cont\u00f3: \u201cSe van a desarrollar todas las actividades preventivas que son tan necesarias\u201d. \u201cSiempre aprovechamos esta semana para hacer una difusi\u00f3n de los factores de riesgo en la comunidad, que podr\u00edan ser beneficiosos para no padecer ninguna patolog\u00eda cardiovascular\u201d.<br \/>\nEn tanto que explic\u00f3: \u201cVamos a hacer una recorrida por la ciudad, que le vamos a dar la denominaci\u00f3n de Un Coraz\u00f3n en Movimiento. Vamos a disponer de una unidad, que la vamos a llamar Cardiom\u00f3vil, que est\u00e1 ploteado para la ocasi\u00f3n\u201d. Britos tambi\u00e9n indic\u00f3 que se localizar\u00e1n en distintos puntos de la ciudad que, en breve, se dar\u00e1n a conocer.<br \/>\nAsimismo se\u00f1al\u00f3: \u201cVamos a hacer un registro de presi\u00f3n arterial masiva, de la comunidad que se acerque. Detecci\u00f3n tambi\u00e9n de otros factores de riesgo como la glucemia (el az\u00facar alto), y algunas medida antropom\u00e9tricas que permitan determinar, otro de los factores de riesgo que es la obesidad, por el \u00edndice de masa corporal\u201d.<\/p>\n","protected":false},"excerpt":{"rendered":"<p>Las actividades en el marco del D\u00eda Mundial del Coraz\u00f3n comenzaron el mi\u00e9rcoles en Gdor. Castro y continuar\u00e1n el jueves pr\u00f3ximo en San Pedro. Personal de la Secretar\u00eda de Salud y Cruz Roja en el Hospital 26 de Julio hicieron controles de glucemia, presi\u00f3n arterial e IMC. Adem\u00e1s, a los participante les hicieron notar la [&hellip;]<\/p>\n","protected":false},"author":4,"featured_media":1296,"comment_status":"open","ping_status":"closed","sticky":false,"template":"","format":"standard","meta":{"om_disable_all_campaigns":false,"_jetpack_memberships_contains_paid_content":false,"footnotes":""},"categories":[101,2],"tags":[],"class_list":["post-8512","post","type-post","status-publish","format-standard","has-post-thumbnail","hentry","category-interes-general-locales","category-locales"],"aioseo_notices":[],"gutentor_comment":0,"jetpack_featured_media_url":"https:\/\/eldiariodesanpedro.com.ar\/sitio\/wp-content\/uploads\/2015\/12\/gobernador_castro_acceso1.jpg","jetpack_shortlink":"https:\/\/wp.me\/p6RhLt-2di","jetpack_sharing_enabled":true,"_links":{"self":[{"href":"https:\/\/eldiariodesanpedro.com.ar\/sitio\/wp-json\/wp\/v2\/posts\/8512","targetHints":{"allow":["GET"]}}],"collection":[{"href":"https:\/\/eldiariodesanpedro.com.ar\/sitio\/wp-json\/wp\/v2\/posts"}],"about":[{"href":"https:\/\/eldiariodesanpedro.com.ar\/sitio\/wp-json\/wp\/v2\/types\/post"}],"author":[{"embeddable":true,"href":"https:\/\/eldiariodesanpedro.com.ar\/sitio\/wp-json\/wp\/v2\/users\/4"}],"replies":[{"embeddable":true,"href":"https:\/\/eldiariodesanpedro.com.ar\/sitio\/wp-json\/wp\/v2\/comments?post=8512"}],"version-history":[{"count":1,"href":"https:\/\/eldiariodesanpedro.com.ar\/sitio\/wp-json\/wp\/v2\/posts\/8512\/revisions"}],"predecessor-version":[{"id":8513,"href":"https:\/\/eldiariodesanpedro.com.ar\/sitio\/wp-json\/wp\/v2\/posts\/8512\/revisions\/8513"}],"wp:featuredmedia":[{"embeddable":true,"href":"https:\/\/eldiariodesanpedro.com.ar\/sitio\/wp-json\/wp\/v2\/media\/1296"}],"wp:attachment":[{"href":"https:\/\/eldiariodesanpedro.com.ar\/sitio\/wp-json\/wp\/v2\/media?parent=8512"}],"wp:term":[{"taxonomy":"category","embeddable":true,"href":"https:\/\/eldiariodesanpedro.com.ar\/sitio\/wp-json\/wp\/v2\/categories?post=8512"},{"taxonomy":"post_tag","embeddable":true,"href":"https:\/\/eldiariodesanpedro.com.ar\/sitio\/wp-json\/wp\/v2\/tags?post=8512"}],"curies":[{"name":"wp","href":"https:\/\/api.w.org\/{rel}","templated":true}]}}