{"id":85104,"date":"2021-01-02T09:03:48","date_gmt":"2021-01-02T12:03:48","guid":{"rendered":"https:\/\/eldiariodesanpedro.com.ar\/sitio\/?p=85104"},"modified":"2021-01-02T09:03:48","modified_gmt":"2021-01-02T12:03:48","slug":"cortes-aleatorios-de-3-a-9-am-por-mantenimiento-de-transba-este-domingo","status":"publish","type":"post","link":"https:\/\/eldiariodesanpedro.com.ar\/sitio\/cortes-aleatorios-de-3-a-9-am-por-mantenimiento-de-transba-este-domingo\/","title":{"rendered":"Cortes aleatorios de 3 a 9 AM, por mantenimiento de TRANSBA este domingo"},"content":{"rendered":"<!-- VideographyWP Plugin Message: Automatic video embedding prevented by plugin options. -->\n\n<p>COOPSER informa que el pr\u00f3ximo domingo 3 de enero de 2021, entre las 3 y las 9 de la ma\u00f1ana, TRANSBA realizar\u00e1 tareas de mantenimiento en su Estaci\u00f3n Transformadora ubicada sobre Ruta 191 y l\u00edneas de alta tensi\u00f3n.&nbsp;&nbsp;Como es habitual ante este tipo de procedimientos, desde la Cooperativa se deber\u00e1 acompa\u00f1ar con una reducci\u00f3n del suministro el\u00e9ctrico.<\/p>\n\n\n\n<p>Las empresas ya han sido notificadas, y con relaci\u00f3n al consumo domiciliario&nbsp;<strong>es importante tener en cuenta que dentro del horario informado, se cumplir\u00e1 con cortes aleatorios en varias zonas por la salida de servicio de los alimentadores urbanos.&nbsp;&nbsp;<\/strong>Las \u00e1reas afectadas y la extensi\u00f3n de estos cortes se ir\u00e1n regulando desde el Departamento El\u00e9ctrico de COOPSER, &nbsp;de acuerdo a las necesidades de las maniobras de TRANSBA.&nbsp;<\/p>\n\n\n\n<p>Estas interrupciones\u00a0<strong>EXCLUIR\u00c1N<\/strong>\u00a0los alimentadores alimentadores 2 y 3 que brindan servicio al Hospital y cl\u00ednicas.\u00a0Durante el per\u00edodo de corte, personal de la Cooperativa realizar\u00e1 adem\u00e1s tareas de poda y mantenimiento.\u00a0<\/p>\n","protected":false},"excerpt":{"rendered":"<p>COOPSER informa que el pr\u00f3ximo domingo 3 de enero de 2021, entre las 3 y las 9 de la ma\u00f1ana, TRANSBA realizar\u00e1 tareas de mantenimiento en su Estaci\u00f3n Transformadora ubicada sobre Ruta 191 y l\u00edneas de alta tensi\u00f3n.&nbsp;&nbsp;Como es habitual ante este tipo de procedimientos, desde la Cooperativa se deber\u00e1 acompa\u00f1ar con una reducci\u00f3n del [&hellip;]<\/p>\n","protected":false},"author":4,"featured_media":79058,"comment_status":"open","ping_status":"closed","sticky":false,"template":"","format":"standard","meta":{"om_disable_all_campaigns":false,"_jetpack_memberships_contains_paid_content":false,"footnotes":""},"categories":[2],"tags":[197,1046,1638,696,33],"class_list":["post-85104","post","type-post","status-publish","format-standard","has-post-thumbnail","hentry","category-locales","tag-buenos-aires","tag-coopser","tag-corte-de-energia","tag-interes-general","tag-locales"],"aioseo_notices":[],"gutentor_comment":0,"jetpack_featured_media_url":"https:\/\/eldiariodesanpedro.com.ar\/sitio\/wp-content\/uploads\/2020\/08\/archivo-coopser.jpeg","jetpack_shortlink":"https:\/\/wp.me\/p6RhLt-m8E","jetpack_sharing_enabled":true,"_links":{"self":[{"href":"https:\/\/eldiariodesanpedro.com.ar\/sitio\/wp-json\/wp\/v2\/posts\/85104","targetHints":{"allow":["GET"]}}],"collection":[{"href":"https:\/\/eldiariodesanpedro.com.ar\/sitio\/wp-json\/wp\/v2\/posts"}],"about":[{"href":"https:\/\/eldiariodesanpedro.com.ar\/sitio\/wp-json\/wp\/v2\/types\/post"}],"author":[{"embeddable":true,"href":"https:\/\/eldiariodesanpedro.com.ar\/sitio\/wp-json\/wp\/v2\/users\/4"}],"replies":[{"embeddable":true,"href":"https:\/\/eldiariodesanpedro.com.ar\/sitio\/wp-json\/wp\/v2\/comments?post=85104"}],"version-history":[{"count":1,"href":"https:\/\/eldiariodesanpedro.com.ar\/sitio\/wp-json\/wp\/v2\/posts\/85104\/revisions"}],"predecessor-version":[{"id":85105,"href":"https:\/\/eldiariodesanpedro.com.ar\/sitio\/wp-json\/wp\/v2\/posts\/85104\/revisions\/85105"}],"wp:featuredmedia":[{"embeddable":true,"href":"https:\/\/eldiariodesanpedro.com.ar\/sitio\/wp-json\/wp\/v2\/media\/79058"}],"wp:attachment":[{"href":"https:\/\/eldiariodesanpedro.com.ar\/sitio\/wp-json\/wp\/v2\/media?parent=85104"}],"wp:term":[{"taxonomy":"category","embeddable":true,"href":"https:\/\/eldiariodesanpedro.com.ar\/sitio\/wp-json\/wp\/v2\/categories?post=85104"},{"taxonomy":"post_tag","embeddable":true,"href":"https:\/\/eldiariodesanpedro.com.ar\/sitio\/wp-json\/wp\/v2\/tags?post=85104"}],"curies":[{"name":"wp","href":"https:\/\/api.w.org\/{rel}","templated":true}]}}