{"id":8507,"date":"2016-09-30T19:50:02","date_gmt":"2016-09-30T22:50:02","guid":{"rendered":"https:\/\/eldiariodesanpedro.com.ar\/sitio\/?p=8507"},"modified":"2016-09-30T19:50:02","modified_gmt":"2016-09-30T22:50:02","slug":"ingreso-a-la-guardia-un-herido-de-arma-blanca-2","status":"publish","type":"post","link":"https:\/\/eldiariodesanpedro.com.ar\/sitio\/ingreso-a-la-guardia-un-herido-de-arma-blanca-2\/","title":{"rendered":"Ingres\u00f3 a la guardia un herido de arma blanca"},"content":{"rendered":"<p><!-- VideographyWP Plugin Message: Automatic video embedding prevented by plugin options. --><br \/>\nUn joven mayor de edad ingres\u00f3 al nosocomio local tras una pelea callejera. Seg\u00fan se pudo establecer, tras los ex\u00e1menes m\u00e9dicos que se le practicaron en el centro asistencial, presenta un corte superficial en el flanco izquierdo del torso.<br \/>\nEn tanto, el herido en su declaraci\u00f3n testimonial no accedi\u00f3 a brindar informaci\u00f3n respecto de los agresores. No quiso dar a conocer a la polic\u00eda los motivos de la pelea o alguna circunstancia que permita el esclarecimiento de lo sucedido.<br \/>\nPor ello, la polic\u00eda intenta establecer el lugar del hecho y la identidad del o los agresores.<\/p>\n","protected":false},"excerpt":{"rendered":"<p>Un joven mayor de edad ingres\u00f3 al nosocomio local tras una pelea callejera. Seg\u00fan se pudo establecer, tras los ex\u00e1menes m\u00e9dicos que se le practicaron en el centro asistencial, presenta un corte superficial en el flanco izquierdo del torso. En tanto, el herido en su declaraci\u00f3n testimonial no accedi\u00f3 a brindar informaci\u00f3n respecto de los [&hellip;]<\/p>\n","protected":false},"author":4,"featured_media":8004,"comment_status":"open","ping_status":"closed","sticky":false,"template":"","format":"standard","meta":{"om_disable_all_campaigns":false,"_jetpack_memberships_contains_paid_content":false,"footnotes":""},"categories":[2,103],"tags":[],"class_list":["post-8507","post","type-post","status-publish","format-standard","has-post-thumbnail","hentry","category-locales","category-policiales-locales"],"aioseo_notices":[],"gutentor_comment":0,"jetpack_featured_media_url":"https:\/\/eldiariodesanpedro.com.ar\/sitio\/wp-content\/uploads\/2016\/09\/PAGINA-3-7.jpg","jetpack_shortlink":"https:\/\/wp.me\/p6RhLt-2dd","jetpack_sharing_enabled":true,"_links":{"self":[{"href":"https:\/\/eldiariodesanpedro.com.ar\/sitio\/wp-json\/wp\/v2\/posts\/8507","targetHints":{"allow":["GET"]}}],"collection":[{"href":"https:\/\/eldiariodesanpedro.com.ar\/sitio\/wp-json\/wp\/v2\/posts"}],"about":[{"href":"https:\/\/eldiariodesanpedro.com.ar\/sitio\/wp-json\/wp\/v2\/types\/post"}],"author":[{"embeddable":true,"href":"https:\/\/eldiariodesanpedro.com.ar\/sitio\/wp-json\/wp\/v2\/users\/4"}],"replies":[{"embeddable":true,"href":"https:\/\/eldiariodesanpedro.com.ar\/sitio\/wp-json\/wp\/v2\/comments?post=8507"}],"version-history":[{"count":1,"href":"https:\/\/eldiariodesanpedro.com.ar\/sitio\/wp-json\/wp\/v2\/posts\/8507\/revisions"}],"predecessor-version":[{"id":8508,"href":"https:\/\/eldiariodesanpedro.com.ar\/sitio\/wp-json\/wp\/v2\/posts\/8507\/revisions\/8508"}],"wp:featuredmedia":[{"embeddable":true,"href":"https:\/\/eldiariodesanpedro.com.ar\/sitio\/wp-json\/wp\/v2\/media\/8004"}],"wp:attachment":[{"href":"https:\/\/eldiariodesanpedro.com.ar\/sitio\/wp-json\/wp\/v2\/media?parent=8507"}],"wp:term":[{"taxonomy":"category","embeddable":true,"href":"https:\/\/eldiariodesanpedro.com.ar\/sitio\/wp-json\/wp\/v2\/categories?post=8507"},{"taxonomy":"post_tag","embeddable":true,"href":"https:\/\/eldiariodesanpedro.com.ar\/sitio\/wp-json\/wp\/v2\/tags?post=8507"}],"curies":[{"name":"wp","href":"https:\/\/api.w.org\/{rel}","templated":true}]}}