{"id":85056,"date":"2020-12-30T11:22:10","date_gmt":"2020-12-30T14:22:10","guid":{"rendered":"https:\/\/eldiariodesanpedro.com.ar\/sitio\/?p=85056"},"modified":"2020-12-30T11:22:14","modified_gmt":"2020-12-30T14:22:14","slug":"orden-de-detencion-de-la-justicia-para-un-hombre-que-golpeo-gravemente-a-su-ex-pareja","status":"publish","type":"post","link":"https:\/\/eldiariodesanpedro.com.ar\/sitio\/orden-de-detencion-de-la-justicia-para-un-hombre-que-golpeo-gravemente-a-su-ex-pareja\/","title":{"rendered":"Orden de detenci\u00f3n de la justicia para un hombre que golpe\u00f3 gravemente a su ex pareja"},"content":{"rendered":"<!-- VideographyWP Plugin Message: Automatic video embedding prevented by plugin options. -->\n\n<p>En la noche de ayer martes la polic\u00eda de nuestra ciudad con el grupo de GTO a cargo de Guillermo Turci diligenci\u00f3 una orden de allanamiento y detenci\u00f3n domicilio calle 158 S\/N, en el barrio La Tosquera, la orden fue emitida por la Justicia ordinaria en el marco de una causa judicial por lesiones iniciada en la comisar\u00eda de la mujer local, tras agresi\u00f3n a su ex pareja.<\/p>\n\n\n\n<p>En el r\u00e1pido accionar se efectiviz\u00f3 la detenci\u00f3n del agresor buscado quien es un ciudadano de 24 a\u00f1os de edad. El detenido permanecer\u00e1 alojado en sede policial a disposici\u00f3n de la fiscal\u00eda local en turno, indagado en el d\u00eda de la fecha.<\/p>\n","protected":false},"excerpt":{"rendered":"<p>En la noche de ayer martes la polic\u00eda de nuestra ciudad con el grupo de GTO a cargo de Guillermo Turci diligenci\u00f3 una orden de allanamiento y detenci\u00f3n domicilio calle 158 S\/N, en el barrio La Tosquera, la orden fue emitida por la Justicia ordinaria en el marco de una causa judicial por lesiones iniciada [&hellip;]<\/p>\n","protected":false},"author":4,"featured_media":85057,"comment_status":"open","ping_status":"closed","sticky":false,"template":"","format":"standard","meta":{"om_disable_all_campaigns":false,"_jetpack_memberships_contains_paid_content":false,"footnotes":""},"categories":[50,2,103],"tags":[1759,26,19,855],"class_list":["post-85056","post","type-post","status-publish","format-standard","has-post-thumbnail","hentry","category-destacadas","category-locales","category-policiales-locales","tag-bueno-aires","tag-detenido","tag-san-pedro","tag-violencia-de-genero"],"aioseo_notices":[],"gutentor_comment":0,"jetpack_featured_media_url":"https:\/\/eldiariodesanpedro.com.ar\/sitio\/wp-content\/uploads\/2020\/12\/Sin-titulo-1-6.jpg","jetpack_shortlink":"https:\/\/wp.me\/p6RhLt-m7S","jetpack_sharing_enabled":true,"_links":{"self":[{"href":"https:\/\/eldiariodesanpedro.com.ar\/sitio\/wp-json\/wp\/v2\/posts\/85056","targetHints":{"allow":["GET"]}}],"collection":[{"href":"https:\/\/eldiariodesanpedro.com.ar\/sitio\/wp-json\/wp\/v2\/posts"}],"about":[{"href":"https:\/\/eldiariodesanpedro.com.ar\/sitio\/wp-json\/wp\/v2\/types\/post"}],"author":[{"embeddable":true,"href":"https:\/\/eldiariodesanpedro.com.ar\/sitio\/wp-json\/wp\/v2\/users\/4"}],"replies":[{"embeddable":true,"href":"https:\/\/eldiariodesanpedro.com.ar\/sitio\/wp-json\/wp\/v2\/comments?post=85056"}],"version-history":[{"count":1,"href":"https:\/\/eldiariodesanpedro.com.ar\/sitio\/wp-json\/wp\/v2\/posts\/85056\/revisions"}],"predecessor-version":[{"id":85058,"href":"https:\/\/eldiariodesanpedro.com.ar\/sitio\/wp-json\/wp\/v2\/posts\/85056\/revisions\/85058"}],"wp:featuredmedia":[{"embeddable":true,"href":"https:\/\/eldiariodesanpedro.com.ar\/sitio\/wp-json\/wp\/v2\/media\/85057"}],"wp:attachment":[{"href":"https:\/\/eldiariodesanpedro.com.ar\/sitio\/wp-json\/wp\/v2\/media?parent=85056"}],"wp:term":[{"taxonomy":"category","embeddable":true,"href":"https:\/\/eldiariodesanpedro.com.ar\/sitio\/wp-json\/wp\/v2\/categories?post=85056"},{"taxonomy":"post_tag","embeddable":true,"href":"https:\/\/eldiariodesanpedro.com.ar\/sitio\/wp-json\/wp\/v2\/tags?post=85056"}],"curies":[{"name":"wp","href":"https:\/\/api.w.org\/{rel}","templated":true}]}}