{"id":8505,"date":"2016-09-30T19:48:56","date_gmt":"2016-09-30T22:48:56","guid":{"rendered":"https:\/\/eldiariodesanpedro.com.ar\/sitio\/?p=8505"},"modified":"2016-09-30T19:48:56","modified_gmt":"2016-09-30T22:48:56","slug":"vecinos-agredieron-a-un-hombre-por-acosar-a-una-menor","status":"publish","type":"post","link":"https:\/\/eldiariodesanpedro.com.ar\/sitio\/vecinos-agredieron-a-un-hombre-por-acosar-a-una-menor\/","title":{"rendered":"Vecinos agredieron a un hombre por acosar a una menor"},"content":{"rendered":"<p><!-- VideographyWP Plugin Message: Automatic video embedding prevented by plugin options. --><br \/>\nSe trata de una situaci\u00f3n que se gener\u00f3 ayer, en Miguel Porta al 1800. Un hombre fue acusado por vecinos de seguir y acosar a una menor. Seg\u00fan lo que han referido las personas del lugar, este hecho ven\u00eda produci\u00e9ndose hace unos d\u00edas, por lo que finaliz\u00f3 con el acto de agresi\u00f3n.<br \/>\nSeg\u00fan el parte de prensa de la comisar\u00eda, \u201cpersonal de grupo G.A.D. San Nicol\u00e1s con sede en San Pedro procedi\u00f3 al traslado de masculino mayor de edad primeramente al hospital local y luego a esta dependencia a los fines de su resguardo puesto que varias personas lo habr\u00edan golpeado en raz\u00f3n de un conflicto vecinal\u201d.<br \/>\nEn tanto, el m\u00e9dico de guardia que lo asisti\u00f3 determin\u00f3 que las heridas son de car\u00e1cter leve.<\/p>\n","protected":false},"excerpt":{"rendered":"<p>Se trata de una situaci\u00f3n que se gener\u00f3 ayer, en Miguel Porta al 1800. Un hombre fue acusado por vecinos de seguir y acosar a una menor. Seg\u00fan lo que han referido las personas del lugar, este hecho ven\u00eda produci\u00e9ndose hace unos d\u00edas, por lo que finaliz\u00f3 con el acto de agresi\u00f3n. Seg\u00fan el parte [&hellip;]<\/p>\n","protected":false},"author":4,"featured_media":2693,"comment_status":"open","ping_status":"closed","sticky":false,"template":"","format":"standard","meta":{"om_disable_all_campaigns":false,"_jetpack_memberships_contains_paid_content":false,"footnotes":""},"categories":[2,103],"tags":[],"class_list":["post-8505","post","type-post","status-publish","format-standard","has-post-thumbnail","hentry","category-locales","category-policiales-locales"],"aioseo_notices":[],"gutentor_comment":0,"jetpack_featured_media_url":"https:\/\/eldiariodesanpedro.com.ar\/sitio\/wp-content\/uploads\/2016\/04\/Policia-Bonaerense.jpg","jetpack_shortlink":"https:\/\/wp.me\/p6RhLt-2db","jetpack_sharing_enabled":true,"_links":{"self":[{"href":"https:\/\/eldiariodesanpedro.com.ar\/sitio\/wp-json\/wp\/v2\/posts\/8505","targetHints":{"allow":["GET"]}}],"collection":[{"href":"https:\/\/eldiariodesanpedro.com.ar\/sitio\/wp-json\/wp\/v2\/posts"}],"about":[{"href":"https:\/\/eldiariodesanpedro.com.ar\/sitio\/wp-json\/wp\/v2\/types\/post"}],"author":[{"embeddable":true,"href":"https:\/\/eldiariodesanpedro.com.ar\/sitio\/wp-json\/wp\/v2\/users\/4"}],"replies":[{"embeddable":true,"href":"https:\/\/eldiariodesanpedro.com.ar\/sitio\/wp-json\/wp\/v2\/comments?post=8505"}],"version-history":[{"count":1,"href":"https:\/\/eldiariodesanpedro.com.ar\/sitio\/wp-json\/wp\/v2\/posts\/8505\/revisions"}],"predecessor-version":[{"id":8506,"href":"https:\/\/eldiariodesanpedro.com.ar\/sitio\/wp-json\/wp\/v2\/posts\/8505\/revisions\/8506"}],"wp:featuredmedia":[{"embeddable":true,"href":"https:\/\/eldiariodesanpedro.com.ar\/sitio\/wp-json\/wp\/v2\/media\/2693"}],"wp:attachment":[{"href":"https:\/\/eldiariodesanpedro.com.ar\/sitio\/wp-json\/wp\/v2\/media?parent=8505"}],"wp:term":[{"taxonomy":"category","embeddable":true,"href":"https:\/\/eldiariodesanpedro.com.ar\/sitio\/wp-json\/wp\/v2\/categories?post=8505"},{"taxonomy":"post_tag","embeddable":true,"href":"https:\/\/eldiariodesanpedro.com.ar\/sitio\/wp-json\/wp\/v2\/tags?post=8505"}],"curies":[{"name":"wp","href":"https:\/\/api.w.org\/{rel}","templated":true}]}}