{"id":8502,"date":"2016-09-30T19:45:29","date_gmt":"2016-09-30T22:45:29","guid":{"rendered":"https:\/\/eldiariodesanpedro.com.ar\/sitio\/?p=8502"},"modified":"2016-09-30T19:45:29","modified_gmt":"2016-09-30T22:45:29","slug":"se-presento-la-red-nacional-de-municipios-productivos","status":"publish","type":"post","link":"https:\/\/eldiariodesanpedro.com.ar\/sitio\/se-presento-la-red-nacional-de-municipios-productivos\/","title":{"rendered":"Se present\u00f3 la Red Nacional de Municipios productivos"},"content":{"rendered":"<p><!-- VideographyWP Plugin Message: Automatic video embedding prevented by plugin options. --><br \/>\nLa vicepresidenta de la Naci\u00f3n, Gabriela Michetti, present\u00f3 la Red Nacional de Municipios productivos junto a los ministros de Producci\u00f3n nacional y provincial, Francisco Cabrera y Joaqu\u00edn de la Torre, respectivamente. El acto tuvo lugar en el Sal\u00f3n de los Pueblos Originarios, en la Casa Rosada.<br \/>\nEn ese marco, se firm\u00f3 un Acuerdo por el Desarrollo Productivo Local con todos los intendentes presentes, para fortalecer la gesti\u00f3n local y afianzar la articulaci\u00f3n entre municipios.<br \/>\nSe destac\u00f3 que \u201cla Red es un instrumento que buscar\u00e1 potenciar las capacidades de todos los municipios del pa\u00eds para que sean aliados en el crecimiento de las peque\u00f1as y medianas empresas y puedan desarrollar proyectos a nivel local\u00bb.<br \/>\nSeg\u00fan se explic\u00f3, la Red ofrecer\u00e1 a funcionarios de los m\u00e1s de 2.300 municipios argentinos herramientas de monitoreo y evaluaci\u00f3n de pol\u00edticas p\u00fablicas, recursos para mejorar la gesti\u00f3n diaria e incentivos para la generaci\u00f3n de estad\u00edsticas locales, entre una amplia variedad de recursos t\u00e9cnicos.<br \/>\nDel encuentro particip\u00f3 tambi\u00e9n el secretario de Integraci\u00f3n Productiva, Andr\u00e9s Boeninger, y el titular del Instituto Nacional de Tecnolog\u00eda Industrial (INTI), Javier Ib\u00e1\u00f1ez.<br \/>\nEn representaci\u00f3n de los municipios de todas las regiones del pa\u00eds, asistieron y firmaron el acuerdo intendentes de: Ciudad de Mendoza, Luj\u00e1n de Cuyo y San Rafael de Mendoza, Mendoza; S\u00e1enz Pe\u00f1a, Chaco; Caucete, San Juan; Puerto Madryn, Chubut; Ciudad de Neuqu\u00e9n, Neuqu\u00e9n; Virasoro, Corrientes; Ober\u00e1, Misiones; San Salvador de Jujuy, Jujuy; La Caldera y El Carril, Salta; Concepci\u00f3n, Tucum\u00e1n; ciudad de Santa Fe y Rafaela, Santa Fe; Marcos Ju\u00e1rez y Ciudad de C\u00f3rdoba, C\u00f3rdoba; Paran\u00e1 y Gualeguaych\u00fa, Entre R\u00edos, y, por la Provincia de Buenos Aires, Trenque Lauquen, General Pueyrred\u00f3n, Jun\u00edn, Mor\u00f3n, Pergamino, Campana, San Miguel, San Nicol\u00e1s, Chacabuco, Tandil, La Plata, Pilar, Bah\u00eda Blanca, Olavarr\u00eda y Almirante Brown, entre otros.<\/p>\n","protected":false},"excerpt":{"rendered":"<p>La vicepresidenta de la Naci\u00f3n, Gabriela Michetti, present\u00f3 la Red Nacional de Municipios productivos junto a los ministros de Producci\u00f3n nacional y provincial, Francisco Cabrera y Joaqu\u00edn de la Torre, respectivamente. El acto tuvo lugar en el Sal\u00f3n de los Pueblos Originarios, en la Casa Rosada. En ese marco, se firm\u00f3 un Acuerdo por el [&hellip;]<\/p>\n","protected":false},"author":4,"featured_media":8503,"comment_status":"open","ping_status":"closed","sticky":false,"template":"","format":"standard","meta":{"om_disable_all_campaigns":false,"_jetpack_memberships_contains_paid_content":false,"footnotes":""},"categories":[2,102],"tags":[],"class_list":["post-8502","post","type-post","status-publish","format-standard","has-post-thumbnail","hentry","category-locales","category-politica-locales"],"aioseo_notices":[],"gutentor_comment":0,"jetpack_featured_media_url":"https:\/\/eldiariodesanpedro.com.ar\/sitio\/wp-content\/uploads\/2016\/09\/red-de-municipios.jpg","jetpack_shortlink":"https:\/\/wp.me\/p6RhLt-2d8","jetpack_sharing_enabled":true,"_links":{"self":[{"href":"https:\/\/eldiariodesanpedro.com.ar\/sitio\/wp-json\/wp\/v2\/posts\/8502","targetHints":{"allow":["GET"]}}],"collection":[{"href":"https:\/\/eldiariodesanpedro.com.ar\/sitio\/wp-json\/wp\/v2\/posts"}],"about":[{"href":"https:\/\/eldiariodesanpedro.com.ar\/sitio\/wp-json\/wp\/v2\/types\/post"}],"author":[{"embeddable":true,"href":"https:\/\/eldiariodesanpedro.com.ar\/sitio\/wp-json\/wp\/v2\/users\/4"}],"replies":[{"embeddable":true,"href":"https:\/\/eldiariodesanpedro.com.ar\/sitio\/wp-json\/wp\/v2\/comments?post=8502"}],"version-history":[{"count":1,"href":"https:\/\/eldiariodesanpedro.com.ar\/sitio\/wp-json\/wp\/v2\/posts\/8502\/revisions"}],"predecessor-version":[{"id":8504,"href":"https:\/\/eldiariodesanpedro.com.ar\/sitio\/wp-json\/wp\/v2\/posts\/8502\/revisions\/8504"}],"wp:featuredmedia":[{"embeddable":true,"href":"https:\/\/eldiariodesanpedro.com.ar\/sitio\/wp-json\/wp\/v2\/media\/8503"}],"wp:attachment":[{"href":"https:\/\/eldiariodesanpedro.com.ar\/sitio\/wp-json\/wp\/v2\/media?parent=8502"}],"wp:term":[{"taxonomy":"category","embeddable":true,"href":"https:\/\/eldiariodesanpedro.com.ar\/sitio\/wp-json\/wp\/v2\/categories?post=8502"},{"taxonomy":"post_tag","embeddable":true,"href":"https:\/\/eldiariodesanpedro.com.ar\/sitio\/wp-json\/wp\/v2\/tags?post=8502"}],"curies":[{"name":"wp","href":"https:\/\/api.w.org\/{rel}","templated":true}]}}